{"id":38798,"date":"2016-01-13T11:25:56","date_gmt":"2016-01-13T10:25:56","guid":{"rendered":"http:\/\/2horizontes.com\/?p=38798"},"modified":"2016-01-13T11:26:38","modified_gmt":"2016-01-13T10:26:38","slug":"vargas-llosa-el-periodismo-ha-perdido-seriedad-y-la-influencia-que-tenia","status":"publish","type":"post","link":"https:\/\/2horizontes.com\/?p=38798","title":{"rendered":"Vargas Llosa: \u00abEl periodismo ha perdido seriedad y la influencia que ten\u00eda\u00bb"},"content":{"rendered":"<div id=\"ArticleAuthorDiv\" class=\"article-body-author\"><b>EFE |\u00a0<\/b><\/div>\n<div id=\"ArticleSourceDiv\" class=\"article-body-author\"><b>Madrid<\/b><\/div>\n<div id=\"ArticleBody\">\n<p>El nobel de literatura Mario Vargas Llosa, que ayer fue galardonado con el XII Premio Don Quijote de Periodismo por un art\u00edculo sobre Cusco publicado en el diario espa\u00f1ol El Pa\u00eds en 2015, consider\u00f3 que el periodismo \u00abha perdido la seriedad y la influencia que ten\u00eda\u00bb.<\/p>\n<p>Para Vargas Llosa, el periodismo es tan importante como la literatura: \u00abComenc\u00e9 al mismo tiempo mi vocaci\u00f3n de escritor como a trabajar en el periodismo, cuando todav\u00eda estaba en el colegio\u00bb, dijo a Efe.<\/p>\n<p>Asegur\u00f3 que el mayor cambio que ha sufrido la profesi\u00f3n es que se ha \u00abbanalizado\u00bb mucho y \u00abse ha convertido en una forma de entretenimiento y diversi\u00f3n\u00bb.<\/p>\n<p>\u00abHoy existe una gran tecnolog\u00eda avanzada -argument\u00f3 el escritor-, pero por otra parte se ha perdido mucho. Antes lo que dec\u00edan los peri\u00f3dicos era una verdad que se acataba y era uno de los grandes instrumentos de la cultura con el que se contaba\u00bb.<\/p>\n<p>\u00abHoy, salvo excepciones de una minor\u00eda que se interesa por el periodismo de investigaci\u00f3n o de opini\u00f3n, el periodismo es un instrumento de diversi\u00f3n\u00bb, subray\u00f3 el autor de \u00abLa fiesta del chivo\u00bb.<\/p>\n<p>Vargas Llosa (Arequipa, Per\u00fa, 1936) obtuvo hoy el Don Quijote de Periodismo, que patrocina la empresa p\u00fablica espa\u00f1ola Tragsa, un premio que fall\u00f3 el mismo jurado que concede los Premios Rey de Espa\u00f1a, que convocan anualmente la Agencia EFE y la Agencia Espa\u00f1ola de Cooperaci\u00f3n Internacional, del Ministerio de Asuntos Exteriores.<\/p>\n<p>De esta manera, se reconoce la labor de los profesionales del periodismo de la comunidad iberoamericana.<\/p>\n<p>El articulo del escritor premiado hoy reivindica el mestizaje entre la cultura andina y la hispana y se compara la convivencia en Cusco (sureste del Per\u00fa) del quechua puro con un espa\u00f1ol elegante.<\/p>\n<p>\u00abHa sido una sorpresa muy grata; escrib\u00ed el art\u00edculo hace un a\u00f1o justo con motivo de un viaje al Cusco y en \u00e9l dec\u00eda que la gente hablaba un espa\u00f1ol lleno de toques arcaicos. Es muy bonito oirlo, porque revives lo que debi\u00f3 ser el espa\u00f1ol de la colonia de hace tres o cuatro siglos. Es una manera de hablar muy elegante, con frases largas y ampulosas\u00bb, advierte.<\/p>\n<p>\u00abEs un viejo espa\u00f1ol que se ha conservado en el Cusco, sobre todo, por un sector social que se ufana mucho de esa manera de hablar; y algunos viejos cusque\u00f1os utilizan el vos\u00bb, contin\u00faa.<\/p>\n<p>\u00abCusco es muy bonito, y a cualquier espa\u00f1ol le tiene que conmover mucho porque la ciudad incaica sirvi\u00f3 de base a la ciudad colonial, y fueron todos los edificios y monumentos incaicos los que dan la estructura a lo que fue la ciudad antigua\u00bb, se\u00f1al\u00f3.<\/p>\n<p>\u00abSalvo por Sociales -sostuvo-, he pasado por todas las secciones de un peri\u00f3dico. Tambi\u00e9n hice periodismo radial y televisivo en una \u00e9poca. Siempre me ha gustado mucho el periodismo, porque ha sido una manera de estar vinculado a la historia que se va haciendo, a mi tiempo. Nunca me ha gustado la idea del escritor que se encierra con sus fantasmas y corta con la realidad circundante\u00bb.<\/p>\n<p>Para este novelista, dramaturgo y ensayista, el periodismo, el trabajo de la actualidad, es \u00abuna manera de estar al d\u00eda, de intervenir, criticar, elogiar y participar en el debate p\u00fablico\u00bb, adem\u00e1s de una de las fuentes \u00abm\u00e1s ricas\u00bb que ha tenido para alimentar su trabajo literario.<\/p>\n<p>Vargas Llosa, que hoy participa en el homenaje a la agente literaria Carmen Balcells en Barcelona, ha comenzado el a\u00f1o plet\u00f3rico de actividad: en marzo saca nueva novela, \u00abLas cinco esquinas\u00bb, y tambi\u00e9n ese mes llegar\u00e1 a las librer\u00edas el primer volumen de parte de sus obras publicado en La Pl\u00e9iade, la legendaria colecci\u00f3n francesa que re\u00fane el canon de la literatura universal.<\/p>\n<p>\u00abS\u00ed, va a ser un a\u00f1o intenso\u00bb, reconoci\u00f3 el escritor, para quien estar en la Pl\u00e9iade ha supuesto una de las mejores noticias que haya podido recibir.<\/p>\n<\/div>\n","protected":false},"excerpt":{"rendered":"<p>EFE |\u00a0 Madrid El nobel de literatura Mario Vargas Llosa, que ayer fue galardonado con el XII Premio Don Quijote de Periodismo por un art\u00edculo sobre Cusco publicado en el diario espa\u00f1ol El Pa\u00eds en 2015, consider\u00f3 que el periodismo \u00abha perdido la seriedad y la influencia que ten\u00eda\u00bb. Para Vargas Llosa, el periodismo es [&hellip;]<\/p>\n","protected":false},"author":7,"featured_media":38799,"comment_status":"open","ping_status":"open","sticky":false,"template":"","format":"standard","meta":{"footnotes":""},"categories":[62,85,40],"tags":[],"class_list":["post-38798","post","type-post","status-publish","format-standard","has-post-thumbnail","hentry","category-cultura","category-espana","category-internacionales"],"_links":{"self":[{"href":"https:\/\/2horizontes.com\/index.php?rest_route=\/wp\/v2\/posts\/38798","targetHints":{"allow":["GET"]}}],"collection":[{"href":"https:\/\/2horizontes.com\/index.php?rest_route=\/wp\/v2\/posts"}],"about":[{"href":"https:\/\/2horizontes.com\/index.php?rest_route=\/wp\/v2\/types\/post"}],"author":[{"embeddable":true,"href":"https:\/\/2horizontes.com\/index.php?rest_route=\/wp\/v2\/users\/7"}],"replies":[{"embeddable":true,"href":"https:\/\/2horizontes.com\/index.php?rest_route=%2Fwp%2Fv2%2Fcomments&post=38798"}],"version-history":[{"count":3,"href":"https:\/\/2horizontes.com\/index.php?rest_route=\/wp\/v2\/posts\/38798\/revisions"}],"predecessor-version":[{"id":38802,"href":"https:\/\/2horizontes.com\/index.php?rest_route=\/wp\/v2\/posts\/38798\/revisions\/38802"}],"wp:featuredmedia":[{"embeddable":true,"href":"https:\/\/2horizontes.com\/index.php?rest_route=\/wp\/v2\/media\/38799"}],"wp:attachment":[{"href":"https:\/\/2horizontes.com\/index.php?rest_route=%2Fwp%2Fv2%2Fmedia&parent=38798"}],"wp:term":[{"taxonomy":"category","embeddable":true,"href":"https:\/\/2horizontes.com\/index.php?rest_route=%2Fwp%2Fv2%2Fcategories&post=38798"},{"taxonomy":"post_tag","embeddable":true,"href":"https:\/\/2horizontes.com\/index.php?rest_route=%2Fwp%2Fv2%2Ftags&post=38798"}],"curies":[{"name":"wp","href":"https:\/\/api.w.org\/{rel}","templated":true}]}}