{"id":38772,"date":"2016-01-13T10:53:09","date_gmt":"2016-01-13T09:53:09","guid":{"rendered":"http:\/\/2horizontes.com\/?p=38772"},"modified":"2016-01-13T10:53:09","modified_gmt":"2016-01-13T09:53:09","slug":"cesan-a-siete-jefes-policiales-en-argentina-tras-fuga-de-sicarios","status":"publish","type":"post","link":"https:\/\/2horizontes.com\/?p=38772","title":{"rendered":"Cesan a siete jefes policiales en Argentina tras fuga de sicarios"},"content":{"rendered":"<div id=\"ArticleAuthorDiv\" class=\"article-body-author\"><b>AFP<\/b><\/div>\n<div id=\"ArticleSourceDiv\" class=\"article-body-author\"><b>Buenos Aires<\/b><\/div>\n<div id=\"ArticleBody\">\n<p>Siete jefes de la polic\u00eda de la provincia de Buenos Aires fueron pasados a retiro ayer luego de la fuga de tres sicarios recapturados tras dos semanas de b\u00fasqueda, en un caso que puso en vilo al gobierno argentino.<\/p>\n<p>Se trata de siete comisarios generales a cargo de las \u00e1reas de Seguridad, Seguridad Vial y Suministro, seg\u00fan informaron fuentes del ministerio de Seguridad provincial.<\/p>\n<p>Las medidas ocurren como corolario de la triple fuga de tres sicarios de una c\u00e1rcel de m\u00e1xima seguridad de Buenos Aires, donde cumpl\u00edan condenas a cadena perpetua por un triple crimen vinculado al tr\u00e1fico de efedrina a M\u00e9xico.<\/p>\n<p>La fuga desnud\u00f3 complicidades policiales y llev\u00f3 al gobierno a anunciar la recaptura de los tres el s\u00e1bado cuando s\u00f3lo hab\u00eda apresado a uno, mientras los otros fueron atrapados reci\u00e9n el lunes.<\/p>\n<p>\u00abNo se escapa a nadie que qued\u00f3 demostrado que estamos muy lejos, muy lejos del profesionalismo que debemos tener para encarar estos temas\u00bb, dijo el presidente Mauricio Macri este martes en rueda de prensa.<\/p>\n<p>El l\u00edder de la alianza de centroderecha Cambiemos admiti\u00f3 que su gobierno cometi\u00f3 \u00aberrores\u00bb pero atribuy\u00f3 la responsabilidad por la \u00absituaci\u00f3n precaria\u00bb de las fuerzas de seguridad a la gesti\u00f3n de su antecesora, Cristina Kirchner (2007-2015).<\/p>\n<p>\u00abNo arrancamos de cero, sino que arrancamos con fuerzas que tienen una historia, que en esta inacci\u00f3n y complicidad han sido penetradas por parte de estas mafias\u00bb, dijo.<\/p>\n<\/div>\n","protected":false},"excerpt":{"rendered":"<p>AFP Buenos Aires Siete jefes de la polic\u00eda de la provincia de Buenos Aires fueron pasados a retiro ayer luego de la fuga de tres sicarios recapturados tras dos semanas de b\u00fasqueda, en un caso que puso en vilo al gobierno argentino. Se trata de siete comisarios generales a cargo de las \u00e1reas de Seguridad, [&hellip;]<\/p>\n","protected":false},"author":7,"featured_media":38773,"comment_status":"open","ping_status":"open","sticky":false,"template":"","format":"standard","meta":{"footnotes":""},"categories":[40],"tags":[],"class_list":["post-38772","post","type-post","status-publish","format-standard","has-post-thumbnail","hentry","category-internacionales"],"_links":{"self":[{"href":"https:\/\/2horizontes.com\/index.php?rest_route=\/wp\/v2\/posts\/38772","targetHints":{"allow":["GET"]}}],"collection":[{"href":"https:\/\/2horizontes.com\/index.php?rest_route=\/wp\/v2\/posts"}],"about":[{"href":"https:\/\/2horizontes.com\/index.php?rest_route=\/wp\/v2\/types\/post"}],"author":[{"embeddable":true,"href":"https:\/\/2horizontes.com\/index.php?rest_route=\/wp\/v2\/users\/7"}],"replies":[{"embeddable":true,"href":"https:\/\/2horizontes.com\/index.php?rest_route=%2Fwp%2Fv2%2Fcomments&post=38772"}],"version-history":[{"count":1,"href":"https:\/\/2horizontes.com\/index.php?rest_route=\/wp\/v2\/posts\/38772\/revisions"}],"predecessor-version":[{"id":38774,"href":"https:\/\/2horizontes.com\/index.php?rest_route=\/wp\/v2\/posts\/38772\/revisions\/38774"}],"wp:featuredmedia":[{"embeddable":true,"href":"https:\/\/2horizontes.com\/index.php?rest_route=\/wp\/v2\/media\/38773"}],"wp:attachment":[{"href":"https:\/\/2horizontes.com\/index.php?rest_route=%2Fwp%2Fv2%2Fmedia&parent=38772"}],"wp:term":[{"taxonomy":"category","embeddable":true,"href":"https:\/\/2horizontes.com\/index.php?rest_route=%2Fwp%2Fv2%2Fcategories&post=38772"},{"taxonomy":"post_tag","embeddable":true,"href":"https:\/\/2horizontes.com\/index.php?rest_route=%2Fwp%2Fv2%2Ftags&post=38772"}],"curies":[{"name":"wp","href":"https:\/\/api.w.org\/{rel}","templated":true}]}}