{"id":38766,"date":"2016-01-12T21:55:59","date_gmt":"2016-01-12T20:55:59","guid":{"rendered":"http:\/\/2horizontes.com\/?p=38766"},"modified":"2016-01-12T21:55:59","modified_gmt":"2016-01-12T20:55:59","slug":"139-democratas-piden-a-obama-proteccion-temporal-para-centroamericanos","status":"publish","type":"post","link":"https:\/\/2horizontes.com\/?p=38766","title":{"rendered":"139 dem\u00f3cratas piden a Obama protecci\u00f3n temporal para centroamericanos"},"content":{"rendered":"<article class=\"contenidoArticulo\">\n<div class=\"cuerpoNoticia\">\n<p><strong>WASHINGTON \u00a0\u2014<\/strong> Un total de 139 legisladores dem\u00f3cratas suscribieron una carta en la que pidieron el martes al presidente Barack Obama concederle una protecci\u00f3n temporal a centroamericanos que llegaron a Estados Unidos buscando asilo y suspender inmediatamente sus deportaciones.<\/p>\n<p>El legislador dem\u00f3crata Luis Guti\u00e9rrez dijo que los firmantes decidieron difundir la carta el martes porque no han recibido respuesta desde que se reunieron la semana pasada con la directora de pol\u00edtica interna de la Casa Blanca, Cecilia Mu\u00f1oz para solicitar el estatus de protecci\u00f3n temporaria (TPS por sus siglas en ingl\u00e9s) para los migrantes.<\/p>\n<p>The Associated Press solicit\u00f3 un comentario a la Casa Blanca, sin obtenerlo de inmediato.<\/p>\n<\/div>\n<\/article>\n<p>&nbsp;<\/p>\n","protected":false},"excerpt":{"rendered":"<p>WASHINGTON \u00a0\u2014 Un total de 139 legisladores dem\u00f3cratas suscribieron una carta en la que pidieron el martes al presidente Barack Obama concederle una protecci\u00f3n temporal a centroamericanos que llegaron a Estados Unidos buscando asilo y suspender inmediatamente sus deportaciones. El legislador dem\u00f3crata Luis Guti\u00e9rrez dijo que los firmantes decidieron difundir la carta el martes porque [&hellip;]<\/p>\n","protected":false},"author":8,"featured_media":38767,"comment_status":"open","ping_status":"open","sticky":false,"template":"","format":"standard","meta":{"footnotes":""},"categories":[40,43],"tags":[],"class_list":["post-38766","post","type-post","status-publish","format-standard","has-post-thumbnail","hentry","category-internacionales","category-politica"],"_links":{"self":[{"href":"https:\/\/2horizontes.com\/index.php?rest_route=\/wp\/v2\/posts\/38766","targetHints":{"allow":["GET"]}}],"collection":[{"href":"https:\/\/2horizontes.com\/index.php?rest_route=\/wp\/v2\/posts"}],"about":[{"href":"https:\/\/2horizontes.com\/index.php?rest_route=\/wp\/v2\/types\/post"}],"author":[{"embeddable":true,"href":"https:\/\/2horizontes.com\/index.php?rest_route=\/wp\/v2\/users\/8"}],"replies":[{"embeddable":true,"href":"https:\/\/2horizontes.com\/index.php?rest_route=%2Fwp%2Fv2%2Fcomments&post=38766"}],"version-history":[{"count":1,"href":"https:\/\/2horizontes.com\/index.php?rest_route=\/wp\/v2\/posts\/38766\/revisions"}],"predecessor-version":[{"id":38768,"href":"https:\/\/2horizontes.com\/index.php?rest_route=\/wp\/v2\/posts\/38766\/revisions\/38768"}],"wp:featuredmedia":[{"embeddable":true,"href":"https:\/\/2horizontes.com\/index.php?rest_route=\/wp\/v2\/media\/38767"}],"wp:attachment":[{"href":"https:\/\/2horizontes.com\/index.php?rest_route=%2Fwp%2Fv2%2Fmedia&parent=38766"}],"wp:term":[{"taxonomy":"category","embeddable":true,"href":"https:\/\/2horizontes.com\/index.php?rest_route=%2Fwp%2Fv2%2Fcategories&post=38766"},{"taxonomy":"post_tag","embeddable":true,"href":"https:\/\/2horizontes.com\/index.php?rest_route=%2Fwp%2Fv2%2Ftags&post=38766"}],"curies":[{"name":"wp","href":"https:\/\/api.w.org\/{rel}","templated":true}]}}