{"id":38736,"date":"2016-01-12T18:49:53","date_gmt":"2016-01-12T17:49:53","guid":{"rendered":"http:\/\/2horizontes.com\/?p=38736"},"modified":"2016-01-12T18:49:53","modified_gmt":"2016-01-12T17:49:53","slug":"cuba-y-rd-fortaleceran-cooperacion-en-la-esfera-de-la-salud","status":"publish","type":"post","link":"https:\/\/2horizontes.com\/?p=38736","title":{"rendered":"Cuba y RD fortalecer\u00e1n cooperaci\u00f3n en la esfera de la salud"},"content":{"rendered":"<p>RD-SANTO DOMINGO -La primera dama de la Rep\u00fablica Dominicana,\u00a0 C\u00e1ndida Montilla de Medina, viaj\u00f3 este lunes a La Habana para desarrollar una agenda de encuentros y reuniones con autoridades del Gobierno, de las \u00e1reas sociales, de salud y de pol\u00edticas inclusivas de esa naci\u00f3n caribe\u00f1a.<\/p>\n<p>Durante su estancia,\u00a0 la Primera Dama y el ministro de Salud P\u00fablica de Cuba suscribir\u00e1n un acuerdo de cooperaci\u00f3n bilateral, a favor del fortalecimiento institucional, la capacitaci\u00f3n y la consolidaci\u00f3n de los programas sociales a beneficio de los sectores m\u00e1s vulnerables.<\/p>\n<p>Entre los contactos que sostendr\u00e1 la esposa del presidente Danilo Medina figuran reuniones con la vicepresidenta del Consejo de Estado de Cuba, Gladys Bejarano Portela, y el ministro de Salud P\u00fablica, Roberto Morales Ojeda.<\/p>\n<p>Montilla de Medina tambi\u00e9n tiene contemplado en su agenda visitar la Casa para Personas con Habilidades Diferentes, que est\u00e1 siendo reconstruida en los actuales momentos en la Zona Colonial y se reunir\u00e1 con el Historiador de La Habana, Eusebio Leal, que la acompa\u00f1ar\u00e1 en su recorrido por esta localidad.<\/p>\n<p>As\u00edmismo, sostendr\u00e1 encuentros con la Directora del Centro de Educaci\u00f3n Sexual y Diputada a la Asamblea Nacional cubana, Mariela Castro Esp\u00edn.<\/p>\n<p>Tambi\u00e9n ser\u00e1 recibida por los directores del Centro Internacional de Restauraci\u00f3n Neurol\u00f3gica (CIREN) y del Centro Internacional de Salud Las Praderas, doctores Ra\u00fal Jos\u00e9 Mac\u00edas Gonz\u00e1lez y Henry Carre\u00f1o Cuador, respectivamente, que la acompa\u00f1aran en un recorrido por las instalaciones de estos dos complejos hospitalarios, dedicados a la restauraci\u00f3n f\u00edsica y emocional de los pacientes.<\/p>\n<p>La Primera Dama estar\u00e1 acompa\u00f1ada en su visita por el director general del Instituto de Formaci\u00f3n T\u00e9cnico Profesional (INFOTEP), Rafael Ovalles; y la Coordinadora T\u00e9cnica del Despacho de la Primera Dama, Martha Rodr\u00edguez de B\u00e1ez.<\/p>\n","protected":false},"excerpt":{"rendered":"<p>RD-SANTO DOMINGO -La primera dama de la Rep\u00fablica Dominicana,\u00a0 C\u00e1ndida Montilla de Medina, viaj\u00f3 este lunes a La Habana para desarrollar una agenda de encuentros y reuniones con autoridades del Gobierno, de las \u00e1reas sociales, de salud y de pol\u00edticas inclusivas de esa naci\u00f3n caribe\u00f1a. Durante su estancia,\u00a0 la Primera Dama y el ministro de [&hellip;]<\/p>\n","protected":false},"author":8,"featured_media":38738,"comment_status":"open","ping_status":"open","sticky":false,"template":"","format":"standard","meta":{"footnotes":""},"categories":[43,44,45],"tags":[],"class_list":["post-38736","post","type-post","status-publish","format-standard","has-post-thumbnail","hentry","category-politica","category-republica-dominicana","category-salud"],"_links":{"self":[{"href":"https:\/\/2horizontes.com\/index.php?rest_route=\/wp\/v2\/posts\/38736","targetHints":{"allow":["GET"]}}],"collection":[{"href":"https:\/\/2horizontes.com\/index.php?rest_route=\/wp\/v2\/posts"}],"about":[{"href":"https:\/\/2horizontes.com\/index.php?rest_route=\/wp\/v2\/types\/post"}],"author":[{"embeddable":true,"href":"https:\/\/2horizontes.com\/index.php?rest_route=\/wp\/v2\/users\/8"}],"replies":[{"embeddable":true,"href":"https:\/\/2horizontes.com\/index.php?rest_route=%2Fwp%2Fv2%2Fcomments&post=38736"}],"version-history":[{"count":1,"href":"https:\/\/2horizontes.com\/index.php?rest_route=\/wp\/v2\/posts\/38736\/revisions"}],"predecessor-version":[{"id":38741,"href":"https:\/\/2horizontes.com\/index.php?rest_route=\/wp\/v2\/posts\/38736\/revisions\/38741"}],"wp:featuredmedia":[{"embeddable":true,"href":"https:\/\/2horizontes.com\/index.php?rest_route=\/wp\/v2\/media\/38738"}],"wp:attachment":[{"href":"https:\/\/2horizontes.com\/index.php?rest_route=%2Fwp%2Fv2%2Fmedia&parent=38736"}],"wp:term":[{"taxonomy":"category","embeddable":true,"href":"https:\/\/2horizontes.com\/index.php?rest_route=%2Fwp%2Fv2%2Fcategories&post=38736"},{"taxonomy":"post_tag","embeddable":true,"href":"https:\/\/2horizontes.com\/index.php?rest_route=%2Fwp%2Fv2%2Ftags&post=38736"}],"curies":[{"name":"wp","href":"https:\/\/api.w.org\/{rel}","templated":true}]}}