{"id":38729,"date":"2016-01-12T18:36:44","date_gmt":"2016-01-12T17:36:44","guid":{"rendered":"http:\/\/2horizontes.com\/?p=38729"},"modified":"2016-01-12T18:36:44","modified_gmt":"2016-01-12T17:36:44","slug":"internan-a-la-madre-de-la-ministra-de-salud-por-neumonia-rd","status":"publish","type":"post","link":"https:\/\/2horizontes.com\/?p=38729","title":{"rendered":"Internan a la madre de la ministra de Salud por neumon\u00eda RD"},"content":{"rendered":"<article class=\"contenidoArticulo\">\n<div class=\"cuerpoNoticia\">\n<p>RD- SANTO DOMINGO-La madre de la ministra Salud, Altagracia Guzm\u00e1n Marcelino, se encuentra recluida en la Unidad de Cuidados Intensivos del Centro M\u00e9dico Dominicano afectada de una neumon\u00eda.<\/p>\n<p>Claudine Marcelino, de \u00a088 a\u00f1os, \u00a0se est\u00e1 interna en ese centro de salud desde anoche. De acuerdo con\u00a0 una publicaci\u00f3n del portal Resumen de Salud, su condici\u00f3n es estable.<\/p>\n<p>La publicaci\u00f3n se\u00f1ala que la madre de la ministra de Salud es atendida por tres especialistas: un infect\u00f3logo, un neum\u00f3logo y una geriatra.<\/p>\n<p>Su diagn\u00f3stico es un proceso neumol\u00f3gico con impacto en las v\u00edas respiratorias.<\/p>\n<\/div>\n<\/article>\n<p>&nbsp;<\/p>\n","protected":false},"excerpt":{"rendered":"<p>RD- SANTO DOMINGO-La madre de la ministra Salud, Altagracia Guzm\u00e1n Marcelino, se encuentra recluida en la Unidad de Cuidados Intensivos del Centro M\u00e9dico Dominicano afectada de una neumon\u00eda. Claudine Marcelino, de \u00a088 a\u00f1os, \u00a0se est\u00e1 interna en ese centro de salud desde anoche. De acuerdo con\u00a0 una publicaci\u00f3n del portal Resumen de Salud, su condici\u00f3n [&hellip;]<\/p>\n","protected":false},"author":8,"featured_media":38731,"comment_status":"open","ping_status":"open","sticky":false,"template":"","format":"standard","meta":{"footnotes":""},"categories":[44,45],"tags":[],"class_list":["post-38729","post","type-post","status-publish","format-standard","has-post-thumbnail","hentry","category-republica-dominicana","category-salud"],"_links":{"self":[{"href":"https:\/\/2horizontes.com\/index.php?rest_route=\/wp\/v2\/posts\/38729","targetHints":{"allow":["GET"]}}],"collection":[{"href":"https:\/\/2horizontes.com\/index.php?rest_route=\/wp\/v2\/posts"}],"about":[{"href":"https:\/\/2horizontes.com\/index.php?rest_route=\/wp\/v2\/types\/post"}],"author":[{"embeddable":true,"href":"https:\/\/2horizontes.com\/index.php?rest_route=\/wp\/v2\/users\/8"}],"replies":[{"embeddable":true,"href":"https:\/\/2horizontes.com\/index.php?rest_route=%2Fwp%2Fv2%2Fcomments&post=38729"}],"version-history":[{"count":1,"href":"https:\/\/2horizontes.com\/index.php?rest_route=\/wp\/v2\/posts\/38729\/revisions"}],"predecessor-version":[{"id":38732,"href":"https:\/\/2horizontes.com\/index.php?rest_route=\/wp\/v2\/posts\/38729\/revisions\/38732"}],"wp:featuredmedia":[{"embeddable":true,"href":"https:\/\/2horizontes.com\/index.php?rest_route=\/wp\/v2\/media\/38731"}],"wp:attachment":[{"href":"https:\/\/2horizontes.com\/index.php?rest_route=%2Fwp%2Fv2%2Fmedia&parent=38729"}],"wp:term":[{"taxonomy":"category","embeddable":true,"href":"https:\/\/2horizontes.com\/index.php?rest_route=%2Fwp%2Fv2%2Fcategories&post=38729"},{"taxonomy":"post_tag","embeddable":true,"href":"https:\/\/2horizontes.com\/index.php?rest_route=%2Fwp%2Fv2%2Ftags&post=38729"}],"curies":[{"name":"wp","href":"https:\/\/api.w.org\/{rel}","templated":true}]}}