{"id":38717,"date":"2016-01-12T17:11:49","date_gmt":"2016-01-12T16:11:49","guid":{"rendered":"http:\/\/2horizontes.com\/?p=38717"},"modified":"2016-01-12T17:11:49","modified_gmt":"2016-01-12T16:11:49","slug":"adolescente-de-16-anos-le-da-un-tiro-a-otro-de-15-en-mendoza-rd","status":"publish","type":"post","link":"https:\/\/2horizontes.com\/?p=38717","title":{"rendered":"Adolescente de 16 a\u00f1os le da un tiro a otro de 15 en Mendoza RD"},"content":{"rendered":"<p>RD. MENDOSA- La Polic\u00eda Nacional inform\u00f3 este martes que \u00a0apres\u00f3 un adolescente de\u00a0 16 a\u00f1os que hiri\u00f3 de bala ayer en una pierna a \u00a0otro de 15, debido a rencillas personales, en el sector de Mendoza en Santo Domingo Este.<\/p>\n<p>Dijo que el menor herido de bala, cuyo nombre \u00a0se omite por razones legales, \u00a0est\u00e1 internado en el hospital Doctor Francisco Moscoso Puello, con una herida de bala en la pierna izquierda, sin orificio de salida.<\/p>\n<p>El agresor, cuyo nombre \u00a0tambi\u00e9n se omite por las mismas razones, \u00a0fue entregado a la Polic\u00eda por un pariente.<\/p>\n<p>De acuerdo con la Polic\u00eda, \u00a0el joven dijo que le dispar\u00f3 al adolescente con un rev\u00f3lver Taurus, calibre 38, con la numeraci\u00f3n limada porque hace varios meses \u00e9ste lo apu\u00f1al\u00f3 durante una discusi\u00f3n. En cuanto al arma es depurada para establecer su origen.<\/p>\n<p>&nbsp;<\/p>\n","protected":false},"excerpt":{"rendered":"<p>RD. MENDOSA- La Polic\u00eda Nacional inform\u00f3 este martes que \u00a0apres\u00f3 un adolescente de\u00a0 16 a\u00f1os que hiri\u00f3 de bala ayer en una pierna a \u00a0otro de 15, debido a rencillas personales, en el sector de Mendoza en Santo Domingo Este. Dijo que el menor herido de bala, cuyo nombre \u00a0se omite por razones legales, \u00a0est\u00e1 [&hellip;]<\/p>\n","protected":false},"author":8,"featured_media":36788,"comment_status":"open","ping_status":"open","sticky":false,"template":"","format":"standard","meta":{"footnotes":""},"categories":[44],"tags":[],"class_list":["post-38717","post","type-post","status-publish","format-standard","has-post-thumbnail","hentry","category-republica-dominicana"],"_links":{"self":[{"href":"https:\/\/2horizontes.com\/index.php?rest_route=\/wp\/v2\/posts\/38717","targetHints":{"allow":["GET"]}}],"collection":[{"href":"https:\/\/2horizontes.com\/index.php?rest_route=\/wp\/v2\/posts"}],"about":[{"href":"https:\/\/2horizontes.com\/index.php?rest_route=\/wp\/v2\/types\/post"}],"author":[{"embeddable":true,"href":"https:\/\/2horizontes.com\/index.php?rest_route=\/wp\/v2\/users\/8"}],"replies":[{"embeddable":true,"href":"https:\/\/2horizontes.com\/index.php?rest_route=%2Fwp%2Fv2%2Fcomments&post=38717"}],"version-history":[{"count":1,"href":"https:\/\/2horizontes.com\/index.php?rest_route=\/wp\/v2\/posts\/38717\/revisions"}],"predecessor-version":[{"id":38718,"href":"https:\/\/2horizontes.com\/index.php?rest_route=\/wp\/v2\/posts\/38717\/revisions\/38718"}],"wp:featuredmedia":[{"embeddable":true,"href":"https:\/\/2horizontes.com\/index.php?rest_route=\/wp\/v2\/media\/36788"}],"wp:attachment":[{"href":"https:\/\/2horizontes.com\/index.php?rest_route=%2Fwp%2Fv2%2Fmedia&parent=38717"}],"wp:term":[{"taxonomy":"category","embeddable":true,"href":"https:\/\/2horizontes.com\/index.php?rest_route=%2Fwp%2Fv2%2Fcategories&post=38717"},{"taxonomy":"post_tag","embeddable":true,"href":"https:\/\/2horizontes.com\/index.php?rest_route=%2Fwp%2Fv2%2Ftags&post=38717"}],"curies":[{"name":"wp","href":"https:\/\/api.w.org\/{rel}","templated":true}]}}