{"id":38641,"date":"2016-01-12T11:15:36","date_gmt":"2016-01-12T10:15:36","guid":{"rendered":"http:\/\/2horizontes.com\/?p=38641"},"modified":"2016-01-12T11:15:36","modified_gmt":"2016-01-12T10:15:36","slug":"la-onu-pide-al-mundo-no-olvidar-haiti-seis-anos-despues-del-terremoto","status":"publish","type":"post","link":"https:\/\/2horizontes.com\/?p=38641","title":{"rendered":"La ONU pide al mundo no olvidar Hait\u00ed seis a\u00f1os despu\u00e9s del terremoto"},"content":{"rendered":"<div id=\"ArticleAuthorDiv\" class=\"article-body-author\"><strong>EFE<\/strong><\/div>\n<div class=\"article-body-author\"><strong>Haiti<\/strong><\/div>\n<div class=\"article-body-author\"><\/div>\n<div id=\"ArticleSourceDiv\" class=\"article-body-author\">El secretario general de Naciones Unidas, Ban Ki-moon, pidi\u00f3 ayer a la comunidad internacional que no ceje en su apoyo a la reconstrucci\u00f3n de Hait\u00ed en la v\u00edspera del sexto aniversario del terremoto que dej\u00f3 cerca de 300.000 v\u00edctimas en el pa\u00eds caribe\u00f1o.<\/div>\n<div id=\"ArticleBody\">\n<p>\u00abHait\u00ed sigue necesitando apoyo de la comunidad internacional y por ello hago un llamamiento para que siga la ayuda a su reconstrucci\u00f3n\u00bb, dijo Ban en un comunicado.<\/p>\n<p>El secretario general reconoci\u00f3 que \u00abel camino para la recuperaci\u00f3n y el desarrollo a largo plazo no est\u00e1n siendo una tarea sencilla\u00bb.<\/p>\n<p>\u00abMuchos haitianos siguen enfrent\u00e1ndose a m\u00faltiples retos, como dejar sus hogares, la inseguridad alimentaria o el acceso a agua potable\u00bb, apunt\u00f3 Ban.<\/p>\n<p>Aquel 12 de enero de 2010, record\u00f3 Ban tambi\u00e9n perecieron 102 trabajadores de Naciones Unidas.<\/p>\n<p>\u00abMa\u00f1ana, la familia de la ONU rendir\u00e1 tributo a las m\u00e1s de 200.000 v\u00edctimas que murieron en el desastre, unidos y en solidaridad con el pueblo haitiano, que perdi\u00f3 a sus seres queridos, honraremos tambi\u00e9n la memoria de nuestros colegas\u00bb, afirm\u00f3.<\/p>\n<p>Un homenaje que Ban, reclam\u00f3, sirva de \u00abinspiraci\u00f3n renovada\u00bb para los trabajos por un futuro Hait\u00ed unido, democr\u00e1tico y pr\u00f3spero.<\/p>\n<\/div>\n<div><\/div>\n<p>&nbsp;<\/p>\n","protected":false},"excerpt":{"rendered":"<p>EFE Haiti El secretario general de Naciones Unidas, Ban Ki-moon, pidi\u00f3 ayer a la comunidad internacional que no ceje en su apoyo a la reconstrucci\u00f3n de Hait\u00ed en la v\u00edspera del sexto aniversario del terremoto que dej\u00f3 cerca de 300.000 v\u00edctimas en el pa\u00eds caribe\u00f1o. \u00abHait\u00ed sigue necesitando apoyo de la comunidad internacional y por [&hellip;]<\/p>\n","protected":false},"author":7,"featured_media":38642,"comment_status":"open","ping_status":"open","sticky":false,"template":"","format":"standard","meta":{"footnotes":""},"categories":[47,40,43],"tags":[],"class_list":["post-38641","post","type-post","status-publish","format-standard","has-post-thumbnail","hentry","category-haiti","category-internacionales","category-politica"],"_links":{"self":[{"href":"https:\/\/2horizontes.com\/index.php?rest_route=\/wp\/v2\/posts\/38641","targetHints":{"allow":["GET"]}}],"collection":[{"href":"https:\/\/2horizontes.com\/index.php?rest_route=\/wp\/v2\/posts"}],"about":[{"href":"https:\/\/2horizontes.com\/index.php?rest_route=\/wp\/v2\/types\/post"}],"author":[{"embeddable":true,"href":"https:\/\/2horizontes.com\/index.php?rest_route=\/wp\/v2\/users\/7"}],"replies":[{"embeddable":true,"href":"https:\/\/2horizontes.com\/index.php?rest_route=%2Fwp%2Fv2%2Fcomments&post=38641"}],"version-history":[{"count":1,"href":"https:\/\/2horizontes.com\/index.php?rest_route=\/wp\/v2\/posts\/38641\/revisions"}],"predecessor-version":[{"id":38643,"href":"https:\/\/2horizontes.com\/index.php?rest_route=\/wp\/v2\/posts\/38641\/revisions\/38643"}],"wp:featuredmedia":[{"embeddable":true,"href":"https:\/\/2horizontes.com\/index.php?rest_route=\/wp\/v2\/media\/38642"}],"wp:attachment":[{"href":"https:\/\/2horizontes.com\/index.php?rest_route=%2Fwp%2Fv2%2Fmedia&parent=38641"}],"wp:term":[{"taxonomy":"category","embeddable":true,"href":"https:\/\/2horizontes.com\/index.php?rest_route=%2Fwp%2Fv2%2Fcategories&post=38641"},{"taxonomy":"post_tag","embeddable":true,"href":"https:\/\/2horizontes.com\/index.php?rest_route=%2Fwp%2Fv2%2Ftags&post=38641"}],"curies":[{"name":"wp","href":"https:\/\/api.w.org\/{rel}","templated":true}]}}