{"id":3856,"date":"2015-03-30T20:09:08","date_gmt":"2015-03-30T20:09:08","guid":{"rendered":"http:\/\/2horizontes.com\/?p=3856"},"modified":"2015-03-30T20:09:08","modified_gmt":"2015-03-30T20:09:08","slug":"el-periodista-carlos-osis-perez-esta-estable-despues-de-sufrir-accidente","status":"publish","type":"post","link":"https:\/\/2horizontes.com\/?p=3856","title":{"rendered":"El periodista Carlos Osis P\u00e9rez est\u00e1 estable despues de sufrir accidente"},"content":{"rendered":"<p><a href=\"http:\/\/2horizontes.com\/wp-content\/uploads\/2015\/03\/klk.jpg\"><img loading=\"lazy\" decoding=\"async\" src=\"http:\/\/2horizontes.com\/wp-content\/uploads\/2015\/03\/klk-300x199.jpg\" alt=\"klk\" width=\"300\" height=\"199\" class=\"alignleft size-medium wp-image-3857\" srcset=\"https:\/\/2horizontes.com\/wp-content\/uploads\/2015\/03\/klk-300x199.jpg 300w, https:\/\/2horizontes.com\/wp-content\/uploads\/2015\/03\/klk-510x338.jpg 510w, https:\/\/2horizontes.com\/wp-content\/uploads\/2015\/03\/klk.jpg 620w\" sizes=\"auto, (max-width: 300px) 100vw, 300px\" \/><\/a><\/p>\n<p>El Hospital Traumatol\u00f3gico Ney Arias Lora inform\u00f3 ayer que Carlos Osis P\u00e9rez, director de prensa de NCDN, canal 37, se encuentra en condiciones generales estables, tras sufrir un accidente de tr\u00e1nsito y ser sometido a una cirug\u00eda.De acuerdo con el parte m\u00e9dico, el periodista fue intervenido en el centro por los doctores Rafael Cisneros y Carlos Balderas, Elsa de los Santos y Sonia Jim\u00e9nez, cirujano pl\u00e1stico, cirujano ortopeda, y anestesi\u00f3logas, respectivamente.<\/p>\n<p>El periodista presenta fractura en el brazo izquierdo, (fractura del 1\/3 medio de humero izquierdo), con lesi\u00f3n o secci\u00f3n muscular m\u00faltiples y vascular, al cual se le hizo una colocaci\u00f3n de fijador externo, m\u00e1s reconstrucci\u00f3n tanto vascular como muscular y nerviosa, as\u00ed como inmovilizaci\u00f3n y lavado quir\u00fargico.<\/p>\n<p>El paciente fue recluido en la Unidad de Cuidados Intensivos del Hospital Ney Arias Lora, para mantenerlo en vigilancia.<\/p>\n<p>Los doctores Ysabel Santana, directora general del centro de salud, Rafael Cisneros y Carlos Balderas, cirujano pl\u00e1stico y ortop\u00e9dico, informaron que el paciente fue ingresado al quir\u00f3fano a las 9:00 de la ma\u00f1ana y que su estado es estable. &#8211; See more at: http:\/\/www.elcaribe.com.do\/2015\/03\/28\/periodista-carlos-osis-perez-esta-estable#sthash.oSnmws54.dpuf<\/p>\n","protected":false},"excerpt":{"rendered":"<p>El Hospital Traumatol\u00f3gico Ney Arias Lora inform\u00f3 ayer que Carlos Osis P\u00e9rez, director de prensa de NCDN, canal 37, se encuentra en condiciones generales estables, tras sufrir un accidente de tr\u00e1nsito y ser sometido a una cirug\u00eda.De acuerdo con el parte m\u00e9dico, el periodista fue intervenido en el centro por los doctores Rafael Cisneros y [&hellip;]<\/p>\n","protected":false},"author":1,"featured_media":0,"comment_status":"open","ping_status":"open","sticky":false,"template":"","format":"standard","meta":{"footnotes":""},"categories":[1],"tags":[],"class_list":["post-3856","post","type-post","status-publish","format-standard","hentry","category-entretenimiento"],"_links":{"self":[{"href":"https:\/\/2horizontes.com\/index.php?rest_route=\/wp\/v2\/posts\/3856","targetHints":{"allow":["GET"]}}],"collection":[{"href":"https:\/\/2horizontes.com\/index.php?rest_route=\/wp\/v2\/posts"}],"about":[{"href":"https:\/\/2horizontes.com\/index.php?rest_route=\/wp\/v2\/types\/post"}],"author":[{"embeddable":true,"href":"https:\/\/2horizontes.com\/index.php?rest_route=\/wp\/v2\/users\/1"}],"replies":[{"embeddable":true,"href":"https:\/\/2horizontes.com\/index.php?rest_route=%2Fwp%2Fv2%2Fcomments&post=3856"}],"version-history":[{"count":1,"href":"https:\/\/2horizontes.com\/index.php?rest_route=\/wp\/v2\/posts\/3856\/revisions"}],"predecessor-version":[{"id":3858,"href":"https:\/\/2horizontes.com\/index.php?rest_route=\/wp\/v2\/posts\/3856\/revisions\/3858"}],"wp:attachment":[{"href":"https:\/\/2horizontes.com\/index.php?rest_route=%2Fwp%2Fv2%2Fmedia&parent=3856"}],"wp:term":[{"taxonomy":"category","embeddable":true,"href":"https:\/\/2horizontes.com\/index.php?rest_route=%2Fwp%2Fv2%2Fcategories&post=3856"},{"taxonomy":"post_tag","embeddable":true,"href":"https:\/\/2horizontes.com\/index.php?rest_route=%2Fwp%2Fv2%2Ftags&post=3856"}],"curies":[{"name":"wp","href":"https:\/\/api.w.org\/{rel}","templated":true}]}}