{"id":38503,"date":"2016-01-11T11:29:19","date_gmt":"2016-01-11T10:29:19","guid":{"rendered":"http:\/\/2horizontes.com\/?p=38503"},"modified":"2016-01-11T11:29:19","modified_gmt":"2016-01-11T10:29:19","slug":"fallece-un-joven-de-25-anos-atropellado-en-la-a-3-y-el-conductor-se-da-a-la-fuga","status":"publish","type":"post","link":"https:\/\/2horizontes.com\/?p=38503","title":{"rendered":"Fallece un joven de 25 a\u00f1os atropellado en la A-3 y el conductor se da a la fuga"},"content":{"rendered":"<p>Un joven de 25 a\u00f1os ha muerto tras ser atropellado por un turismo, que se ha dado a la fuga en el kil\u00f3metro 12 de la v\u00eda de servicio de la carretera nacional A-3 direcci\u00f3n Madrid.<\/p>\n<p>Seg\u00fan testigos presenciales la v\u00edctima se ha bajado de un veh\u00edculo que se encontraba estacionado en el arc\u00e9n de la v\u00eda de servicio, momento en que un veh\u00edculo ha impactado contra \u00e9l desplaz\u00e1ndole unos metros.<\/p>\n<p>En un primer momento el joven fue atendido por una enfermera que pasaba por el lugar de los hechos y que llam\u00f3 al SUMMA, por lo que efectivos de Emergencias Madrid 112 desplazaron una UVI m\u00f3vil.<\/p>\n<p>Al llegar se encontraron a un joven en parada cardiorrespiratoria y que presentaba m\u00faltiples traumatismos. Tras efectuar infructuosas maniobras de reanimaci\u00f3n el SUMMA confirm\u00f3 el fallecimiento del joven.<\/p>\n<p>La v\u00edctima iba con dos personas m\u00e1s en el veh\u00edculo, al parecer extranjeros, que no supieron explicar el motivo por el cual estaban estacionados en la v\u00eda de servicio..<\/p>\n<p>Un psic\u00f3logo del SAMUR tuvo que asistir a estos dos personas, ya que presentaba una crisis de ansiedad tras el suceso. La Guardia Civil de tr\u00e1fico se ha hecho cargo de la investigaci\u00f3n de los hechos, y en el mismo lugar ha tomado declaraci\u00f3n a los dos acompa\u00f1antes del fallecido.<\/p>\n<p>DOS HOMBRES HERIDOS AL VOCAR SU COCHE EN LA A6<\/p>\n<p>Por otra parte, dos personas han resultados heridas de gravedad tras dar varias vueltas de campana en el veh\u00edculo en el que viajaban en un accidente de tr\u00e1fico en el kil\u00f3metro 4 de la Nacional A-6 direcci\u00f3n La Coru\u00f1a, a la altura de la facultad de Veterinaria de Madrid, seg\u00fan ha informado a Efe Samur-Protecci\u00f3n Civil.<\/p>\n<p>El suceso se ha registrado a las 1.00 horas de esta madrugada, cuando el veh\u00edculo ha dado varias vueltas, sin que se conozca las causas.<\/p>\n<p>Efectivos del Samur y Protecci\u00f3n Civil y de Bomberos del Ayuntamiento de Madrid han acudido al lugar del accidente donde se han encontrado a dos hombres en el interior del veh\u00edculo, uno de 54 a\u00f1os, que estaba consiente y presentaba fracturas en la pelvis y f\u00e9mur, siendo trasladado al Hospital de la Paz en estado grave.<\/p>\n<p>El otro ocupante, un var\u00f3n de 64 a\u00f1os, presentaba un traumatismos craneoencef\u00e1lico severo, tor\u00e1cico y m\u00faltiples fracturas e inconsciente a la llegada del SAMUR, siendo intubado y trasladado en estado muy grave al Hospital Cl\u00ednico San Carlos. La Polic\u00eda Municipal de Madrid se ha hecho cargo de la investigaci\u00f3n de los hechos ocurridos.<\/p>\n","protected":false},"excerpt":{"rendered":"<p>Un joven de 25 a\u00f1os ha muerto tras ser atropellado por un turismo, que se ha dado a la fuga en el kil\u00f3metro 12 de la v\u00eda de servicio de la carretera nacional A-3 direcci\u00f3n Madrid. Seg\u00fan testigos presenciales la v\u00edctima se ha bajado de un veh\u00edculo que se encontraba estacionado en el arc\u00e9n de [&hellip;]<\/p>\n","protected":false},"author":3,"featured_media":38505,"comment_status":"open","ping_status":"open","sticky":false,"template":"","format":"standard","meta":{"footnotes":""},"categories":[85],"tags":[],"class_list":["post-38503","post","type-post","status-publish","format-standard","has-post-thumbnail","hentry","category-espana"],"_links":{"self":[{"href":"https:\/\/2horizontes.com\/index.php?rest_route=\/wp\/v2\/posts\/38503","targetHints":{"allow":["GET"]}}],"collection":[{"href":"https:\/\/2horizontes.com\/index.php?rest_route=\/wp\/v2\/posts"}],"about":[{"href":"https:\/\/2horizontes.com\/index.php?rest_route=\/wp\/v2\/types\/post"}],"author":[{"embeddable":true,"href":"https:\/\/2horizontes.com\/index.php?rest_route=\/wp\/v2\/users\/3"}],"replies":[{"embeddable":true,"href":"https:\/\/2horizontes.com\/index.php?rest_route=%2Fwp%2Fv2%2Fcomments&post=38503"}],"version-history":[{"count":1,"href":"https:\/\/2horizontes.com\/index.php?rest_route=\/wp\/v2\/posts\/38503\/revisions"}],"predecessor-version":[{"id":38506,"href":"https:\/\/2horizontes.com\/index.php?rest_route=\/wp\/v2\/posts\/38503\/revisions\/38506"}],"wp:featuredmedia":[{"embeddable":true,"href":"https:\/\/2horizontes.com\/index.php?rest_route=\/wp\/v2\/media\/38505"}],"wp:attachment":[{"href":"https:\/\/2horizontes.com\/index.php?rest_route=%2Fwp%2Fv2%2Fmedia&parent=38503"}],"wp:term":[{"taxonomy":"category","embeddable":true,"href":"https:\/\/2horizontes.com\/index.php?rest_route=%2Fwp%2Fv2%2Fcategories&post=38503"},{"taxonomy":"post_tag","embeddable":true,"href":"https:\/\/2horizontes.com\/index.php?rest_route=%2Fwp%2Fv2%2Ftags&post=38503"}],"curies":[{"name":"wp","href":"https:\/\/api.w.org\/{rel}","templated":true}]}}