{"id":38500,"date":"2016-01-11T11:25:00","date_gmt":"2016-01-11T10:25:00","guid":{"rendered":"http:\/\/2horizontes.com\/?p=38500"},"modified":"2016-01-11T11:25:00","modified_gmt":"2016-01-11T10:25:00","slug":"herido-un-hombre-al-intentar-entrar-en-su-casa-por-la-ventana-y-caer-al-vacio","status":"publish","type":"post","link":"https:\/\/2horizontes.com\/?p=38500","title":{"rendered":"Herido un hombre al intentar entrar en su casa por la ventana y caer al vac\u00edo"},"content":{"rendered":"<p>Un hombre de 40 a\u00f1os vecino de un bloque de viviendas de la calle de San Marcelo (Ciudad Lineal) ha resultado herido de car\u00e1cter grave al caer desde un segundo piso cuando intentaba acceder a su vivienda a trav\u00e9s de un patio interior, seg\u00fan ha indicado una portavoz de Emergencias Comunidad de Madrid 112.<\/p>\n<p>La v\u00edctima, que se hab\u00eda olvidado las llaves dentro de casa, decidi\u00f3 escalar por la fachada del patio interior para entrar en su vivienda por una de las ventanas, han explicado fuentes de la Jefatura Superior de Polic\u00eda.<\/p>\n<p>El accidente ha ocurrido cuando el hombre intentaba agarrarse a una tuber\u00eda, pero ha perdido el equilibrio y ha ca\u00eddo al vac\u00edo. Un vecino del inmueble contiguo ha o\u00eddo un golpe contra el suelo del patio y ha avisado a los servicios de emergencia.<\/p>\n","protected":false},"excerpt":{"rendered":"<p>Un hombre de 40 a\u00f1os vecino de un bloque de viviendas de la calle de San Marcelo (Ciudad Lineal) ha resultado herido de car\u00e1cter grave al caer desde un segundo piso cuando intentaba acceder a su vivienda a trav\u00e9s de un patio interior, seg\u00fan ha indicado una portavoz de Emergencias Comunidad de Madrid 112. La [&hellip;]<\/p>\n","protected":false},"author":3,"featured_media":38501,"comment_status":"open","ping_status":"open","sticky":false,"template":"","format":"standard","meta":{"footnotes":""},"categories":[85],"tags":[],"class_list":["post-38500","post","type-post","status-publish","format-standard","has-post-thumbnail","hentry","category-espana"],"_links":{"self":[{"href":"https:\/\/2horizontes.com\/index.php?rest_route=\/wp\/v2\/posts\/38500","targetHints":{"allow":["GET"]}}],"collection":[{"href":"https:\/\/2horizontes.com\/index.php?rest_route=\/wp\/v2\/posts"}],"about":[{"href":"https:\/\/2horizontes.com\/index.php?rest_route=\/wp\/v2\/types\/post"}],"author":[{"embeddable":true,"href":"https:\/\/2horizontes.com\/index.php?rest_route=\/wp\/v2\/users\/3"}],"replies":[{"embeddable":true,"href":"https:\/\/2horizontes.com\/index.php?rest_route=%2Fwp%2Fv2%2Fcomments&post=38500"}],"version-history":[{"count":1,"href":"https:\/\/2horizontes.com\/index.php?rest_route=\/wp\/v2\/posts\/38500\/revisions"}],"predecessor-version":[{"id":38502,"href":"https:\/\/2horizontes.com\/index.php?rest_route=\/wp\/v2\/posts\/38500\/revisions\/38502"}],"wp:featuredmedia":[{"embeddable":true,"href":"https:\/\/2horizontes.com\/index.php?rest_route=\/wp\/v2\/media\/38501"}],"wp:attachment":[{"href":"https:\/\/2horizontes.com\/index.php?rest_route=%2Fwp%2Fv2%2Fmedia&parent=38500"}],"wp:term":[{"taxonomy":"category","embeddable":true,"href":"https:\/\/2horizontes.com\/index.php?rest_route=%2Fwp%2Fv2%2Fcategories&post=38500"},{"taxonomy":"post_tag","embeddable":true,"href":"https:\/\/2horizontes.com\/index.php?rest_route=%2Fwp%2Fv2%2Ftags&post=38500"}],"curies":[{"name":"wp","href":"https:\/\/api.w.org\/{rel}","templated":true}]}}