{"id":38485,"date":"2016-01-10T23:36:30","date_gmt":"2016-01-10T22:36:30","guid":{"rendered":"http:\/\/2horizontes.com\/?p=38485"},"modified":"2016-01-10T23:36:30","modified_gmt":"2016-01-10T22:36:30","slug":"apresan-3-hombres-habian-robado-cargamento-de-maderas-preciosas-rd","status":"publish","type":"post","link":"https:\/\/2horizontes.com\/?p=38485","title":{"rendered":"Apresan 3 hombres hab\u00edan robado cargamento de maderas preciosas RD"},"content":{"rendered":"<p>RD- VILLA ALTAGRACIA-La Polic\u00eda anunci\u00f3 que apres\u00f3 3 hombres en un cami\u00f3n cargado de maderas preciosas supuestamente robadas. El propietario del veh\u00edculo tambi\u00e9n fue apresado.<\/p>\n<p>Silverio Rodr\u00edguez Reynoso, de 52 a\u00f1os y Santo de Le\u00f3n Florentino, de 32, y Jos\u00e9 Gabriel Rodr\u00edguez, de 42 fueron apresados en la entrada del sector Los Arroyones de Villa Altagracia, a bordo del cami\u00f3n Toyota Dima, blanco, placa L111128 lleno de madera.<\/p>\n<p>El cuerpo del orden dijo que Rodr\u00edguez Reynoso fue apresado por tener una orden de arresto en su contra y por ser propietario del dicho cami\u00f3n. Se les acusa de haber robado una cantidad indeterminada de \u00e1rboles que hab\u00eda en varios camiones.<\/p>\n<p>El supuesto robo se produjo el 3 de enero, en una finca de Ricardo Pe\u00f1a Acevedo, en el paraje Novillero.<\/p>\n<p>&nbsp;<\/p>\n","protected":false},"excerpt":{"rendered":"<p>RD- VILLA ALTAGRACIA-La Polic\u00eda anunci\u00f3 que apres\u00f3 3 hombres en un cami\u00f3n cargado de maderas preciosas supuestamente robadas. El propietario del veh\u00edculo tambi\u00e9n fue apresado. Silverio Rodr\u00edguez Reynoso, de 52 a\u00f1os y Santo de Le\u00f3n Florentino, de 32, y Jos\u00e9 Gabriel Rodr\u00edguez, de 42 fueron apresados en la entrada del sector Los Arroyones de Villa [&hellip;]<\/p>\n","protected":false},"author":8,"featured_media":38486,"comment_status":"open","ping_status":"open","sticky":false,"template":"","format":"standard","meta":{"footnotes":""},"categories":[53,44],"tags":[],"class_list":["post-38485","post","type-post","status-publish","format-standard","has-post-thumbnail","hentry","category-provincias","category-republica-dominicana"],"_links":{"self":[{"href":"https:\/\/2horizontes.com\/index.php?rest_route=\/wp\/v2\/posts\/38485","targetHints":{"allow":["GET"]}}],"collection":[{"href":"https:\/\/2horizontes.com\/index.php?rest_route=\/wp\/v2\/posts"}],"about":[{"href":"https:\/\/2horizontes.com\/index.php?rest_route=\/wp\/v2\/types\/post"}],"author":[{"embeddable":true,"href":"https:\/\/2horizontes.com\/index.php?rest_route=\/wp\/v2\/users\/8"}],"replies":[{"embeddable":true,"href":"https:\/\/2horizontes.com\/index.php?rest_route=%2Fwp%2Fv2%2Fcomments&post=38485"}],"version-history":[{"count":1,"href":"https:\/\/2horizontes.com\/index.php?rest_route=\/wp\/v2\/posts\/38485\/revisions"}],"predecessor-version":[{"id":38487,"href":"https:\/\/2horizontes.com\/index.php?rest_route=\/wp\/v2\/posts\/38485\/revisions\/38487"}],"wp:featuredmedia":[{"embeddable":true,"href":"https:\/\/2horizontes.com\/index.php?rest_route=\/wp\/v2\/media\/38486"}],"wp:attachment":[{"href":"https:\/\/2horizontes.com\/index.php?rest_route=%2Fwp%2Fv2%2Fmedia&parent=38485"}],"wp:term":[{"taxonomy":"category","embeddable":true,"href":"https:\/\/2horizontes.com\/index.php?rest_route=%2Fwp%2Fv2%2Fcategories&post=38485"},{"taxonomy":"post_tag","embeddable":true,"href":"https:\/\/2horizontes.com\/index.php?rest_route=%2Fwp%2Fv2%2Ftags&post=38485"}],"curies":[{"name":"wp","href":"https:\/\/api.w.org\/{rel}","templated":true}]}}