{"id":38482,"date":"2016-01-10T23:16:52","date_gmt":"2016-01-10T22:16:52","guid":{"rendered":"http:\/\/2horizontes.com\/?p=38482"},"modified":"2016-01-10T23:16:52","modified_gmt":"2016-01-10T22:16:52","slug":"hombre-muere-al-chocar-moto-en-que-viajaba-con-otro-en-samana-rd","status":"publish","type":"post","link":"https:\/\/2horizontes.com\/?p=38482","title":{"rendered":"Hombre muere al chocar moto en que viajaba con otro en Saman\u00e1 RD"},"content":{"rendered":"<div>\n<p>RD- SAMANA-Una persona muri\u00f3 y otras dos resultaron heridas durante un choque entre dos motocicletas ocurrido en el Boulevard Tur\u00edstico del Atl\u00e1ntico, en el municipio Las Terrenas de Saman\u00e1.<\/p>\n<p>La v\u00edctima fue identificada como Jes\u00fas Shephard Shephard, de 45 a\u00f1os, quien falleci\u00f3 cuando la motocicleta en la viajaba fue impactada por otra conducida por Delfis M\u00e9ndez. Este \u00faltimo result\u00f3 con una herida en la frente.<\/p>\n<p>\u201cMotorista ven\u00eda de aqu\u00ed para all\u00e1, iba a ciento y pico, el muchacho ven\u00eda de all\u00e1 para ac\u00e1, se le cruz\u00f3 y lo choc\u00f3 contra una barandilla, cuando choc\u00f3 contra la barandilla, ah\u00ed cayeron y los recogimos y de una vez lo trajimos para ac\u00e1\u201d, explic\u00f3 uno de los testigos.<\/p>\n<\/div>\n<p>En el accidente tambi\u00e9n Prionella Pedewa. Los heridos fueron llevados al hospital Pablo A. Paulino.<\/p>\n<p>&nbsp;<\/p>\n","protected":false},"excerpt":{"rendered":"<p>RD- SAMANA-Una persona muri\u00f3 y otras dos resultaron heridas durante un choque entre dos motocicletas ocurrido en el Boulevard Tur\u00edstico del Atl\u00e1ntico, en el municipio Las Terrenas de Saman\u00e1. La v\u00edctima fue identificada como Jes\u00fas Shephard Shephard, de 45 a\u00f1os, quien falleci\u00f3 cuando la motocicleta en la viajaba fue impactada por otra conducida por Delfis [&hellip;]<\/p>\n","protected":false},"author":8,"featured_media":38483,"comment_status":"open","ping_status":"open","sticky":false,"template":"","format":"standard","meta":{"footnotes":""},"categories":[53,44],"tags":[],"class_list":["post-38482","post","type-post","status-publish","format-standard","has-post-thumbnail","hentry","category-provincias","category-republica-dominicana"],"_links":{"self":[{"href":"https:\/\/2horizontes.com\/index.php?rest_route=\/wp\/v2\/posts\/38482","targetHints":{"allow":["GET"]}}],"collection":[{"href":"https:\/\/2horizontes.com\/index.php?rest_route=\/wp\/v2\/posts"}],"about":[{"href":"https:\/\/2horizontes.com\/index.php?rest_route=\/wp\/v2\/types\/post"}],"author":[{"embeddable":true,"href":"https:\/\/2horizontes.com\/index.php?rest_route=\/wp\/v2\/users\/8"}],"replies":[{"embeddable":true,"href":"https:\/\/2horizontes.com\/index.php?rest_route=%2Fwp%2Fv2%2Fcomments&post=38482"}],"version-history":[{"count":1,"href":"https:\/\/2horizontes.com\/index.php?rest_route=\/wp\/v2\/posts\/38482\/revisions"}],"predecessor-version":[{"id":38484,"href":"https:\/\/2horizontes.com\/index.php?rest_route=\/wp\/v2\/posts\/38482\/revisions\/38484"}],"wp:featuredmedia":[{"embeddable":true,"href":"https:\/\/2horizontes.com\/index.php?rest_route=\/wp\/v2\/media\/38483"}],"wp:attachment":[{"href":"https:\/\/2horizontes.com\/index.php?rest_route=%2Fwp%2Fv2%2Fmedia&parent=38482"}],"wp:term":[{"taxonomy":"category","embeddable":true,"href":"https:\/\/2horizontes.com\/index.php?rest_route=%2Fwp%2Fv2%2Fcategories&post=38482"},{"taxonomy":"post_tag","embeddable":true,"href":"https:\/\/2horizontes.com\/index.php?rest_route=%2Fwp%2Fv2%2Ftags&post=38482"}],"curies":[{"name":"wp","href":"https:\/\/api.w.org\/{rel}","templated":true}]}}