{"id":3847,"date":"2015-03-30T16:05:34","date_gmt":"2015-03-30T16:05:34","guid":{"rendered":"http:\/\/2horizontes.com\/?p=3847"},"modified":"2015-03-30T16:05:34","modified_gmt":"2015-03-30T16:05:34","slug":"accidente-de-dos-motocicletas-deja-3-personas-muertas-y-un-herido-en-sfm","status":"publish","type":"post","link":"https:\/\/2horizontes.com\/?p=3847","title":{"rendered":"Accidente de  dos motocicletas deja 3 personas muertas y un herido en SFM"},"content":{"rendered":"<p><a href=\"http:\/\/2horizontes.com\/wp-content\/uploads\/2015\/03\/oiii.jpg\"><img loading=\"lazy\" decoding=\"async\" src=\"http:\/\/2horizontes.com\/wp-content\/uploads\/2015\/03\/oiii-300x225.jpg\" alt=\"oiii\" width=\"300\" height=\"225\" class=\"alignleft size-medium wp-image-3848\" srcset=\"https:\/\/2horizontes.com\/wp-content\/uploads\/2015\/03\/oiii-300x225.jpg 300w, https:\/\/2horizontes.com\/wp-content\/uploads\/2015\/03\/oiii-510x383.jpg 510w, https:\/\/2horizontes.com\/wp-content\/uploads\/2015\/03\/oiii.jpg 595w\" sizes=\"auto, (max-width: 300px) 100vw, 300px\" \/><\/a><\/p>\n<p>SAN FRANCISCO DE MACORIS.- Tres personas murieron y una result\u00f3 herida la madrugada de este lunes en un choque entre dos motocicletas en la carretera que comunica Pimentel con Castillo, en la provincia Duarte.<\/p>\n<p>Entre los fallecidos figuran Wandy Rafael L\u00f3pez, de 24 a\u00f1os, y Ram\u00f3n Ramos Morel, de 26, quienes conduc\u00edan las motocicletas. El nombre de la tercera v\u00edctima no fue revelado de inmediato, ya que no portaba documentos de identidad.<\/p>\n<p>En el accidente, adem\u00e1s, result\u00f3 herida una joven que fue ingresada en el hospital San Vicente de Paul, de aqu\u00ed.<\/p>\n","protected":false},"excerpt":{"rendered":"<p>SAN FRANCISCO DE MACORIS.- Tres personas murieron y una result\u00f3 herida la madrugada de este lunes en un choque entre dos motocicletas en la carretera que comunica Pimentel con Castillo, en la provincia Duarte. Entre los fallecidos figuran Wandy Rafael L\u00f3pez, de 24 a\u00f1os, y Ram\u00f3n Ramos Morel, de 26, quienes conduc\u00edan las motocicletas. El [&hellip;]<\/p>\n","protected":false},"author":1,"featured_media":0,"comment_status":"open","ping_status":"open","sticky":false,"template":"","format":"standard","meta":{"footnotes":""},"categories":[1],"tags":[],"class_list":["post-3847","post","type-post","status-publish","format-standard","hentry","category-entretenimiento"],"_links":{"self":[{"href":"https:\/\/2horizontes.com\/index.php?rest_route=\/wp\/v2\/posts\/3847","targetHints":{"allow":["GET"]}}],"collection":[{"href":"https:\/\/2horizontes.com\/index.php?rest_route=\/wp\/v2\/posts"}],"about":[{"href":"https:\/\/2horizontes.com\/index.php?rest_route=\/wp\/v2\/types\/post"}],"author":[{"embeddable":true,"href":"https:\/\/2horizontes.com\/index.php?rest_route=\/wp\/v2\/users\/1"}],"replies":[{"embeddable":true,"href":"https:\/\/2horizontes.com\/index.php?rest_route=%2Fwp%2Fv2%2Fcomments&post=3847"}],"version-history":[{"count":1,"href":"https:\/\/2horizontes.com\/index.php?rest_route=\/wp\/v2\/posts\/3847\/revisions"}],"predecessor-version":[{"id":3849,"href":"https:\/\/2horizontes.com\/index.php?rest_route=\/wp\/v2\/posts\/3847\/revisions\/3849"}],"wp:attachment":[{"href":"https:\/\/2horizontes.com\/index.php?rest_route=%2Fwp%2Fv2%2Fmedia&parent=3847"}],"wp:term":[{"taxonomy":"category","embeddable":true,"href":"https:\/\/2horizontes.com\/index.php?rest_route=%2Fwp%2Fv2%2Fcategories&post=3847"},{"taxonomy":"post_tag","embeddable":true,"href":"https:\/\/2horizontes.com\/index.php?rest_route=%2Fwp%2Fv2%2Ftags&post=3847"}],"curies":[{"name":"wp","href":"https:\/\/api.w.org\/{rel}","templated":true}]}}