{"id":38412,"date":"2016-01-09T16:23:21","date_gmt":"2016-01-09T15:23:21","guid":{"rendered":"http:\/\/2horizontes.com\/?p=38412"},"modified":"2016-01-09T16:23:21","modified_gmt":"2016-01-09T15:23:21","slug":"mundial-juvenil-de-tenis-se-jugara-en-caracas-entre-el-11-y-17-de-enero","status":"publish","type":"post","link":"https:\/\/2horizontes.com\/?p=38412","title":{"rendered":"Mundial Juvenil de Tenis se jugar\u00e1 en Caracas entre el 11 y 17 de enero"},"content":{"rendered":"<p>El Mundial Juvenil de Tenis se realizar\u00e1 entre el 11 y 17 de enero en las instalaciones de la Federaci\u00f3n Venezolana de Tenis (FVT), en Santa Rosa de Lima, Caracas, y contar\u00e1 con la presencia de atletas juveniles de pa\u00edses de la regi\u00f3n.<\/p>\n<p>Para esta justa, en la que se disputar\u00e1 la copa Banco de Venezuela Grado 1, est\u00e1n convocados m\u00e1s de 90 j\u00f3venes con edades comprendidas entre los 14 y 18 a\u00f1os, incluyendo a 30 atletas de otros nacionalidades agrupados en el Circuito Junior de la Confederaci\u00f3n Sudamericana de Tenis (COSAT).<\/p>\n<p>Miguel Est\u00e9, ubicado en el puesto 246 de la Federaci\u00f3n Internacional de Tenis, y Mar\u00eda Linares, ubicada en el puesto 679, encabezar\u00e1n la n\u00f3mina de 16 atletas criollos que buscar\u00e1n emular a Nicol\u00e1s Pereira y Milagros Sequera, primeros venezolanos que se titularon campeones de esta justa.<\/p>\n<p>El Banco de Venezuela es el principal patrocinante del torneo. La instituci\u00f3n bancaria don\u00f3 840 cajas de pelotas de tenis y recuper\u00f3 cinco canchas deportivas. El aporte de las pelotas redujo el costo de la inscripci\u00f3n de los deportistas, inform\u00f3 la instituci\u00f3n en nota de prensa.<\/p>\n<p>Figuras de la talla del suizo Roger Federer, ganador de 17 t\u00edtulos de Grand Slam y el checo Tom\u00e1\u0161 Berdych, sexto en el ranking mundial ATP, han participado en ediciones anteriores de este evento deportivo, que cuenta con prestigio internacional y otorga puntos v\u00e1lidos para la Federaci\u00f3n Internacional de Tenis (ITF, por sus siglas en ingl\u00e9s).<\/p>\n","protected":false},"excerpt":{"rendered":"<p>El Mundial Juvenil de Tenis se realizar\u00e1 entre el 11 y 17 de enero en las instalaciones de la Federaci\u00f3n Venezolana de Tenis (FVT), en Santa Rosa de Lima, Caracas, y contar\u00e1 con la presencia de atletas juveniles de pa\u00edses de la regi\u00f3n. Para esta justa, en la que se disputar\u00e1 la copa Banco de [&hellip;]<\/p>\n","protected":false},"author":3,"featured_media":38413,"comment_status":"open","ping_status":"open","sticky":false,"template":"","format":"standard","meta":{"footnotes":""},"categories":[42,48],"tags":[],"class_list":["post-38412","post","type-post","status-publish","format-standard","has-post-thumbnail","hentry","category-deportes","category-venezuela"],"_links":{"self":[{"href":"https:\/\/2horizontes.com\/index.php?rest_route=\/wp\/v2\/posts\/38412","targetHints":{"allow":["GET"]}}],"collection":[{"href":"https:\/\/2horizontes.com\/index.php?rest_route=\/wp\/v2\/posts"}],"about":[{"href":"https:\/\/2horizontes.com\/index.php?rest_route=\/wp\/v2\/types\/post"}],"author":[{"embeddable":true,"href":"https:\/\/2horizontes.com\/index.php?rest_route=\/wp\/v2\/users\/3"}],"replies":[{"embeddable":true,"href":"https:\/\/2horizontes.com\/index.php?rest_route=%2Fwp%2Fv2%2Fcomments&post=38412"}],"version-history":[{"count":1,"href":"https:\/\/2horizontes.com\/index.php?rest_route=\/wp\/v2\/posts\/38412\/revisions"}],"predecessor-version":[{"id":38414,"href":"https:\/\/2horizontes.com\/index.php?rest_route=\/wp\/v2\/posts\/38412\/revisions\/38414"}],"wp:featuredmedia":[{"embeddable":true,"href":"https:\/\/2horizontes.com\/index.php?rest_route=\/wp\/v2\/media\/38413"}],"wp:attachment":[{"href":"https:\/\/2horizontes.com\/index.php?rest_route=%2Fwp%2Fv2%2Fmedia&parent=38412"}],"wp:term":[{"taxonomy":"category","embeddable":true,"href":"https:\/\/2horizontes.com\/index.php?rest_route=%2Fwp%2Fv2%2Fcategories&post=38412"},{"taxonomy":"post_tag","embeddable":true,"href":"https:\/\/2horizontes.com\/index.php?rest_route=%2Fwp%2Fv2%2Ftags&post=38412"}],"curies":[{"name":"wp","href":"https:\/\/api.w.org\/{rel}","templated":true}]}}