{"id":38379,"date":"2016-01-09T15:09:28","date_gmt":"2016-01-09T14:09:28","guid":{"rendered":"http:\/\/2horizontes.com\/?p=38379"},"modified":"2016-01-09T15:12:24","modified_gmt":"2016-01-09T14:12:24","slug":"presidente-propone-ley-para-permitir-concentracion-y-desarme-de-farc","status":"publish","type":"post","link":"https:\/\/2horizontes.com\/?p=38379","title":{"rendered":"Santos propone ley para permitir concentraci\u00f3n y desarme de FARC"},"content":{"rendered":"<div id=\"ArticleAuthorDiv\" class=\"article-body-author\"><b>AFP<\/b><\/div>\n<div id=\"ArticleSourceDiv\" class=\"article-body-author\"><b>Bogot\u00e1, Colombia<\/b><\/div>\n<div id=\"ArticleBody\">\n<p>El presidente de Colombia, Juan Manuel Santos, convocar\u00e1 a sesiones extraordinarias del Congreso para discutir una reforma legal que permita crear zonas de concentraci\u00f3n y desarme de la guerrilla de las FARC antes de firmar un acuerdo de paz.<\/p>\n<p>\u00abEsta reforma legal har\u00e1 posible la concentraci\u00f3n de las FARC con garant\u00edas de seguridad personal y jur\u00eddica dentro de las zonas acordadas en esta \u00faltima etapa del proceso\u00bb, dijo Santos ayer desde Cartagena (norte).<\/p>\n<p>El mandatario se reuni\u00f3 durante dos d\u00edas con ministros, asesores y la delegaci\u00f3n del gobierno en La Habana, donde mantiene un proceso de paz con las Fuerzas Armadas Revolucionarias de Colombia (FARC, comunistas) desde noviembre de 2012.<\/p>\n<p>\u00abEl proyecto de ley que presentar\u00e1 el Gobierno Nacional contemplar\u00e1 la creaci\u00f3n de estas zonas de ubicaci\u00f3n que permitir\u00e1n tambi\u00e9n la dejaci\u00f3n de las armas\u00bb, agreg\u00f3 Santos, quien dijo que la reforma legal se debatir\u00e1 en febrero \u00abpara estar listos cuando firmemos (la paz)\u00bb.<\/p>\n<p>\u00abLa ley hoy no permite (dar) ese paso al presidente\u00bb, declar\u00f3.<\/p>\n<p>La concentraci\u00f3n de la guerrilla en zonas desmilitarizadas y la dejaci\u00f3n de las armas previa al cese al fuego definitivo es uno de los puntos m\u00e1s espinosos pendientes de negociaci\u00f3n.<\/p>\n<p>Adem\u00e1s, el gobierno y las FARC tienen que discutir a\u00fan el cese al fuego definitivo y los mecanismos de verificaci\u00f3n y refrendaci\u00f3n del acuerdo final.<\/p>\n<p>El acuerdo final tiene como fecha l\u00edmite el 23 de marzo de este a\u00f1o, seg\u00fan anunciaron las partes en septiembre pasado, pero Santos insiste en poder firmarlo antes de ese d\u00eda.<\/p>\n<p>\u00abEl equipo negociador regresa el martes a La Habana con unas instrucciones muy claras: meter el acelerador a este proceso para acabar ojal\u00e1 antes del 23 de marzo\u00bb, afirm\u00f3.<\/p>\n<p>Las FARC, principal grupo armado de Colombia, surgi\u00f3 de una insurrecci\u00f3n campesina en 1964 y tiene entre 6.000 y 7.000 combatientes, seg\u00fan datos oficiales.<\/p>\n<p>El conflicto armado colombiano, en el que han participado guerrillas, paramilitares y agentes del Estado, ha dejado oficialmente unos 220.000 muertos.<\/p>\n<\/div>\n","protected":false},"excerpt":{"rendered":"<p>AFP Bogot\u00e1, Colombia El presidente de Colombia, Juan Manuel Santos, convocar\u00e1 a sesiones extraordinarias del Congreso para discutir una reforma legal que permita crear zonas de concentraci\u00f3n y desarme de la guerrilla de las FARC antes de firmar un acuerdo de paz. \u00abEsta reforma legal har\u00e1 posible la concentraci\u00f3n de las FARC con garant\u00edas de [&hellip;]<\/p>\n","protected":false},"author":7,"featured_media":38380,"comment_status":"open","ping_status":"open","sticky":false,"template":"","format":"standard","meta":{"footnotes":""},"categories":[40],"tags":[],"class_list":["post-38379","post","type-post","status-publish","format-standard","has-post-thumbnail","hentry","category-internacionales"],"_links":{"self":[{"href":"https:\/\/2horizontes.com\/index.php?rest_route=\/wp\/v2\/posts\/38379","targetHints":{"allow":["GET"]}}],"collection":[{"href":"https:\/\/2horizontes.com\/index.php?rest_route=\/wp\/v2\/posts"}],"about":[{"href":"https:\/\/2horizontes.com\/index.php?rest_route=\/wp\/v2\/types\/post"}],"author":[{"embeddable":true,"href":"https:\/\/2horizontes.com\/index.php?rest_route=\/wp\/v2\/users\/7"}],"replies":[{"embeddable":true,"href":"https:\/\/2horizontes.com\/index.php?rest_route=%2Fwp%2Fv2%2Fcomments&post=38379"}],"version-history":[{"count":3,"href":"https:\/\/2horizontes.com\/index.php?rest_route=\/wp\/v2\/posts\/38379\/revisions"}],"predecessor-version":[{"id":38383,"href":"https:\/\/2horizontes.com\/index.php?rest_route=\/wp\/v2\/posts\/38379\/revisions\/38383"}],"wp:featuredmedia":[{"embeddable":true,"href":"https:\/\/2horizontes.com\/index.php?rest_route=\/wp\/v2\/media\/38380"}],"wp:attachment":[{"href":"https:\/\/2horizontes.com\/index.php?rest_route=%2Fwp%2Fv2%2Fmedia&parent=38379"}],"wp:term":[{"taxonomy":"category","embeddable":true,"href":"https:\/\/2horizontes.com\/index.php?rest_route=%2Fwp%2Fv2%2Fcategories&post=38379"},{"taxonomy":"post_tag","embeddable":true,"href":"https:\/\/2horizontes.com\/index.php?rest_route=%2Fwp%2Fv2%2Ftags&post=38379"}],"curies":[{"name":"wp","href":"https:\/\/api.w.org\/{rel}","templated":true}]}}