{"id":38364,"date":"2016-01-09T14:12:55","date_gmt":"2016-01-09T13:12:55","guid":{"rendered":"http:\/\/2horizontes.com\/?p=38364"},"modified":"2016-01-09T14:12:55","modified_gmt":"2016-01-09T13:12:55","slug":"muere-en-el-acto-el-conductor-de-un-autocar-al-volcar-en-m-506","status":"publish","type":"post","link":"https:\/\/2horizontes.com\/?p=38364","title":{"rendered":"Muere en el acto el conductor de un autocar al volcar en M-506"},"content":{"rendered":"<p>Un hombre de 52 a\u00f1os ha fallecido esta noche en la carretera M-506, en el t\u00e9rmino municipal de Fuenlabrada, direcci\u00f3n Pinto, al salirse de la v\u00eda el autocar en el que viajaba solo y volcar sobre la calzada, quedando su cabeza atrapada entre la cabina y el asfalto.<\/p>\n<p>Seg\u00fan han informado a Efe fuentes de Emergencias de la Comunidad de Madrid, 112, hacia las 23,44 horas de esta noche se ha recibido una llamada en este servicio comunicando la salida de la v\u00eda y posterior vuelco de un autocar privado de unos 60 pasajeros, en el kil\u00f3metro 18 de la M-506, direcci\u00f3n Pinto.<\/p>\n<p>Al lugar se han desplazado los Bomberos de Fuenlabrada que han encontrado ya fallecido al conductor y \u00fanico ocupante del veh\u00edculo, que estaba atrapado por la cabeza entre la cabina del autocar y el asfalto, y han rescatado su cad\u00e1ver.<\/p>\n<p>Efectivos del Summa se han traslado tambi\u00e9n al lugar del accidente y han constado que el cad\u00e1ver presentaba m\u00faltiples politraumatismos, por lo que s\u00f3lo han podido certificar el fallecimiento.<\/p>\n<p>La Guardia Civil y la Polic\u00eda Local investigan las causas de este accidente que se ha producido en una noche de lluvia.<\/p>\n<p>La carretera M-506 permanec\u00eda cortada pasada la una de la madrugada del s\u00e1bado en el punto donde se ha producido el accidente mientras se retiraba de la calzada el autocar y las Fuerzas se Seguridad realizaban las investigaciones oportunas, lo que ha provocado retenciones de tr\u00e1fico en direcci\u00f3n a Pinto.<\/p>\n<p>Seg\u00fan ha informado a EFE Emergencias de la Comunidad de Madrid, la lluvia que ha ca\u00eddo en las \u00faltimas horas sobre Madrid ha hecho que el 112 haya gestionado medio centenar de incidentes por accidentes de tr\u00e1fico entre las 19,00 y las 22,00 horas del viernes 8, aunque ninguno de ellos revest\u00eda gravedad.<\/p>\n","protected":false},"excerpt":{"rendered":"<p>Un hombre de 52 a\u00f1os ha fallecido esta noche en la carretera M-506, en el t\u00e9rmino municipal de Fuenlabrada, direcci\u00f3n Pinto, al salirse de la v\u00eda el autocar en el que viajaba solo y volcar sobre la calzada, quedando su cabeza atrapada entre la cabina y el asfalto. Seg\u00fan han informado a Efe fuentes de [&hellip;]<\/p>\n","protected":false},"author":3,"featured_media":38365,"comment_status":"open","ping_status":"open","sticky":false,"template":"","format":"standard","meta":{"footnotes":""},"categories":[85],"tags":[],"class_list":["post-38364","post","type-post","status-publish","format-standard","has-post-thumbnail","hentry","category-espana"],"_links":{"self":[{"href":"https:\/\/2horizontes.com\/index.php?rest_route=\/wp\/v2\/posts\/38364","targetHints":{"allow":["GET"]}}],"collection":[{"href":"https:\/\/2horizontes.com\/index.php?rest_route=\/wp\/v2\/posts"}],"about":[{"href":"https:\/\/2horizontes.com\/index.php?rest_route=\/wp\/v2\/types\/post"}],"author":[{"embeddable":true,"href":"https:\/\/2horizontes.com\/index.php?rest_route=\/wp\/v2\/users\/3"}],"replies":[{"embeddable":true,"href":"https:\/\/2horizontes.com\/index.php?rest_route=%2Fwp%2Fv2%2Fcomments&post=38364"}],"version-history":[{"count":1,"href":"https:\/\/2horizontes.com\/index.php?rest_route=\/wp\/v2\/posts\/38364\/revisions"}],"predecessor-version":[{"id":38366,"href":"https:\/\/2horizontes.com\/index.php?rest_route=\/wp\/v2\/posts\/38364\/revisions\/38366"}],"wp:featuredmedia":[{"embeddable":true,"href":"https:\/\/2horizontes.com\/index.php?rest_route=\/wp\/v2\/media\/38365"}],"wp:attachment":[{"href":"https:\/\/2horizontes.com\/index.php?rest_route=%2Fwp%2Fv2%2Fmedia&parent=38364"}],"wp:term":[{"taxonomy":"category","embeddable":true,"href":"https:\/\/2horizontes.com\/index.php?rest_route=%2Fwp%2Fv2%2Fcategories&post=38364"},{"taxonomy":"post_tag","embeddable":true,"href":"https:\/\/2horizontes.com\/index.php?rest_route=%2Fwp%2Fv2%2Ftags&post=38364"}],"curies":[{"name":"wp","href":"https:\/\/api.w.org\/{rel}","templated":true}]}}