{"id":3835,"date":"2015-03-30T15:41:20","date_gmt":"2015-03-30T15:41:20","guid":{"rendered":"http:\/\/2horizontes.com\/?p=3835"},"modified":"2015-03-30T15:41:20","modified_gmt":"2015-03-30T15:41:20","slug":"fernandez-promete-impulsar-desarrollo-de-la-region-sur","status":"publish","type":"post","link":"https:\/\/2horizontes.com\/?p=3835","title":{"rendered":"Fern\u00e1ndez promete impulsar desarrollo de la Regi\u00f3n Sur"},"content":{"rendered":"<p><a href=\"http:\/\/2horizontes.com\/wp-content\/uploads\/2015\/03\/loo.jpg\"><img loading=\"lazy\" decoding=\"async\" src=\"http:\/\/2horizontes.com\/wp-content\/uploads\/2015\/03\/loo-300x136.jpg\" alt=\"loo\" width=\"300\" height=\"136\" class=\"alignleft size-medium wp-image-3836\" srcset=\"https:\/\/2horizontes.com\/wp-content\/uploads\/2015\/03\/loo-300x136.jpg 300w, https:\/\/2horizontes.com\/wp-content\/uploads\/2015\/03\/loo-510x232.jpg 510w, https:\/\/2horizontes.com\/wp-content\/uploads\/2015\/03\/loo.jpg 800w\" sizes=\"auto, (max-width: 300px) 100vw, 300px\" \/><\/a><\/p>\n<p>Neyba (Bahoruco).- El expresidente de la Rep\u00fablica y l\u00edder del Partido de la Liberaci\u00f3n Dominicana (PLD), doctor Leonel Fern\u00e1ndez, prometi\u00f3 seguir promoviendo el desarrollo de esta provincia y de todo el pa\u00eds, a partir del 2016.<br \/>\nFern\u00e1ndez hizo el pronunciamiento durante el discurso que pronunci\u00f3 en un encuentro multitudinario en el que recibi\u00f3 el respaldo de cientos de dirigentes y militantes del PLD con miras a las pr\u00f3ximas elecciones.<\/p>\n<p>Se\u00f1al\u00f3 que cuando regres\u00f3 al gobierno en el 2004 solo hab\u00eda 38 mil afiliados a SENASA y hoy hay m\u00e1s de 4 millones.<\/p>\n<p>De igual manera afirm\u00f3 que ni en Neyba ni en ning\u00fan lugar del pa\u00eds hab\u00eda una farmacia del pueblo y hoy hay m\u00e1s de 500 a nivel nacional.<\/p>\n<p>Afirm\u00f3 que en la Rep\u00fablica Dominicana en el 2004 ten\u00edamos 1 mill\u00f3n de pobres que se generaron por las crisis del 2002 y del 2003, y eso fue superado en los gobiernos del 2004 al 2012.<\/p>\n<p>\u00abY ahora, con miras al futuro, seguiremos promoviendo el desarrollo en toda Neyba, en Bahoruco, en toda la zona Sur, la zona Enriquillo, y la Rep\u00fablica Dominicana\u00bb, indic\u00f3.<\/p>\n<p>A seguidas, agradeci\u00f3 el respaldo que recibi\u00f3 en esta provincia sure\u00f1a. \u00abDebo decir que me siento profundamente estremecido al ver aqu\u00ed hoy esta multitud que se ha dado cita para indicar de manera inequ\u00edvoca que en el 2016 el PLD una vez m\u00e1s triunfar\u00e1 en la primera vuelta\u00bb, proclam\u00f3 Fern\u00e1ndez.<\/p>\n<p>Agreg\u00f3 que \u00abestoy absolutamente convencido de que cuando se lea el primer bolet\u00edn de la Junta Central Electoral tambi\u00e9n aqu\u00ed en la Provincia de Bahoruco sabemos quien ser\u00e1 el pr\u00f3ximo senador que es el compa\u00f1ero Manuel Paula\u00bb.<\/p>\n<p>De su lado, el senador por Bahoruco, profesor Manuel Paula afirm\u00f3 que la Regi\u00f3n Sur necesita que Fern\u00e1ndez retorne al poder en el 2016 para que obras como la Carretera Cibao Sur, La Presa de Monte Grande y las infraestructuras tur\u00edsticas de Bah\u00eda de las \u00c1guilas lleguen a ser una realidad.<\/p>\n<p>Paula record\u00f3 que fue en la Provincia Bahoruco donde Fern\u00e1ndez inici\u00f3 el programa de desarrollo sostenible que ejecut\u00f3 durante su primera gesti\u00f3n de gobierno.<\/p>\n<p>El legislador sostuvo que a trav\u00e9s de ese programa, Fern\u00e1ndez moderniz\u00f3 todos los servicios p\u00fablicos del pa\u00eds, con lo que le puso fin a las vicisitudes que atravesaban los dominicanos cada vez que iban a una instituci\u00f3n gubernamental a realizar cualquier diligencia.<\/p>\n<p>De igual manera, Paula afirm\u00f3 que la Provincia Bahoruco los vientos est\u00e1n soplando con tanta intensidad que han alcanzado la categor\u00eda de hurac\u00e1n, lo que atribuy\u00f3 a la necesidad que tiene la poblaci\u00f3n de que Fern\u00e1ndez retorne al poder.<\/p>\n","protected":false},"excerpt":{"rendered":"<p>Neyba (Bahoruco).- El expresidente de la Rep\u00fablica y l\u00edder del Partido de la Liberaci\u00f3n Dominicana (PLD), doctor Leonel Fern\u00e1ndez, prometi\u00f3 seguir promoviendo el desarrollo de esta provincia y de todo el pa\u00eds, a partir del 2016. Fern\u00e1ndez hizo el pronunciamiento durante el discurso que pronunci\u00f3 en un encuentro multitudinario en el que recibi\u00f3 el respaldo [&hellip;]<\/p>\n","protected":false},"author":1,"featured_media":0,"comment_status":"open","ping_status":"open","sticky":false,"template":"","format":"standard","meta":{"footnotes":""},"categories":[1],"tags":[],"class_list":["post-3835","post","type-post","status-publish","format-standard","hentry","category-entretenimiento"],"_links":{"self":[{"href":"https:\/\/2horizontes.com\/index.php?rest_route=\/wp\/v2\/posts\/3835","targetHints":{"allow":["GET"]}}],"collection":[{"href":"https:\/\/2horizontes.com\/index.php?rest_route=\/wp\/v2\/posts"}],"about":[{"href":"https:\/\/2horizontes.com\/index.php?rest_route=\/wp\/v2\/types\/post"}],"author":[{"embeddable":true,"href":"https:\/\/2horizontes.com\/index.php?rest_route=\/wp\/v2\/users\/1"}],"replies":[{"embeddable":true,"href":"https:\/\/2horizontes.com\/index.php?rest_route=%2Fwp%2Fv2%2Fcomments&post=3835"}],"version-history":[{"count":1,"href":"https:\/\/2horizontes.com\/index.php?rest_route=\/wp\/v2\/posts\/3835\/revisions"}],"predecessor-version":[{"id":3837,"href":"https:\/\/2horizontes.com\/index.php?rest_route=\/wp\/v2\/posts\/3835\/revisions\/3837"}],"wp:attachment":[{"href":"https:\/\/2horizontes.com\/index.php?rest_route=%2Fwp%2Fv2%2Fmedia&parent=3835"}],"wp:term":[{"taxonomy":"category","embeddable":true,"href":"https:\/\/2horizontes.com\/index.php?rest_route=%2Fwp%2Fv2%2Fcategories&post=3835"},{"taxonomy":"post_tag","embeddable":true,"href":"https:\/\/2horizontes.com\/index.php?rest_route=%2Fwp%2Fv2%2Ftags&post=3835"}],"curies":[{"name":"wp","href":"https:\/\/api.w.org\/{rel}","templated":true}]}}