{"id":38314,"date":"2016-01-08T17:00:14","date_gmt":"2016-01-08T16:00:14","guid":{"rendered":"http:\/\/2horizontes.com\/?p=38314"},"modified":"2016-01-08T17:00:14","modified_gmt":"2016-01-08T16:00:14","slug":"renuncia-4to-diputado-del-pld-en-rd","status":"publish","type":"post","link":"https:\/\/2horizontes.com\/?p=38314","title":{"rendered":"Renuncia 4TO diputado del PLD en RD"},"content":{"rendered":"<p>RD- SANTO DOMINGO-El diputado de la provincia Peravia, Milciades\u00a0 Franjul Pimentel, renunci\u00f3 a su condici\u00f3n de miembro del Partido de la Liberaci\u00f3n,\u00a0 mediante una comunicaci\u00f3n dirigida al presidente de esa organizaci\u00f3n, Leonel Fern\u00e1ndez, en la que establece que las decisiones adoptadas por el Comit\u00e9 Pol\u00edtico vulneran derechos y principios consagrados en la Constituci\u00f3n Dominicana y en los estatutos del PLD.<\/p>\n<p>\u201cSeg\u00fan hemos expresado por distintas v\u00edas, incluyendo comunicaci\u00f3n formal depositada en la secretaria del PLD en fecha 17 de julio de 2015, no compartimos procedimientos adoptados por la alta direcci\u00f3n del partido, los cuales no se corresponden con la propia normativa interna que rige el PLD y se alejan de la visi\u00f3n pol\u00edtica y de los principios inculcados por nuestro l\u00edder, el profesor Juan Bosch\u201d, expresa Franjul Pimentel en su comunicaci\u00f3n.<\/p>\n<p>Explica que ese es el motivo principal por el cual adopt\u00f3 la decisi\u00f3n de presentar formal renuncia como miembro del PLD.<\/p>\n<p><strong>Coartan posibilidades<\/strong><br \/>\nSeg\u00fan expresa el legislador del PLD por la provincia Peravia, las diferencias suscitadas por las decisiones del Comit\u00e9 Pol\u00edtico le coartan la posibilidad de continuar realizando su trabajo pol\u00edtico en beneficio del pueblo dominicano y en especial de su provincia.<\/p>\n<p>\u201cEn lo adelante seguiremos asumiendo, como hasta ahora lo hemos hecho, nuestra responsabilidad como legislador, conforme fuimos elegidos por el voto soberano de los peravianos. Asimismo continuaremos trabajando a favor de los mejores intereses de nuestro pueblo\u201d, concluy\u00f3 Franjul Pimentel.<\/p>\n<p>La comunicaci\u00f3n\u00a0 con fecha 7 de enero del 2016, est\u00e1 dirigida al presidente del PLD, Leonel Fern\u00e1ndez y con copia al secretario general de la organizaci\u00f3n, Reinaldo Pared P\u00e9rez.<\/p>\n<p><strong>(+)<br \/>\nOTRAS RENUNCIAS DE DIPUTADOS DEL PLD<\/strong><br \/>\nFranjul Pimentel es el cuarto diputado que renuncia del PLD. Igual decisi\u00f3n tomaron los diputados Manuel Jim\u00e9nez, de Santo Domingo Este;\u00a0 Minou Tavares Mirabal, del Distrito Nacional, y\u00a0 V\u00edctor S\u00e1nchez de la provincia de Azua.<\/p>\n<p>Jim\u00e9nez ahora es candidato a s\u00edndico por el Frente Amplio;\u00a0 V\u00edctor S\u00e1nchez, candidato a senador por el Partido Revolucionario Moderno (PRM), mientras que Minou Tavarez Mirabal form\u00f3 el Partido Opci\u00f3n Democr\u00e1tica, y es candidata\u00a0 a la presidencia por el partido Alianza por la Democracia (APD).\u00a0 Otros legisladores de partidos aliados que ya no est\u00e1n entre los legisladores del PLD son\u00a0 Luisin Mej\u00eda, del Bloque Institucional Social Dem\u00f3crata (BIS), y Vinicio Castillo Seman, de la Fuerza Nacional Progresista (FNP), entre otros.<\/p>\n","protected":false},"excerpt":{"rendered":"<p>RD- SANTO DOMINGO-El diputado de la provincia Peravia, Milciades\u00a0 Franjul Pimentel, renunci\u00f3 a su condici\u00f3n de miembro del Partido de la Liberaci\u00f3n,\u00a0 mediante una comunicaci\u00f3n dirigida al presidente de esa organizaci\u00f3n, Leonel Fern\u00e1ndez, en la que establece que las decisiones adoptadas por el Comit\u00e9 Pol\u00edtico vulneran derechos y principios consagrados en la Constituci\u00f3n Dominicana y [&hellip;]<\/p>\n","protected":false},"author":8,"featured_media":38315,"comment_status":"open","ping_status":"open","sticky":false,"template":"","format":"standard","meta":{"footnotes":""},"categories":[43,44],"tags":[],"class_list":["post-38314","post","type-post","status-publish","format-standard","has-post-thumbnail","hentry","category-politica","category-republica-dominicana"],"_links":{"self":[{"href":"https:\/\/2horizontes.com\/index.php?rest_route=\/wp\/v2\/posts\/38314","targetHints":{"allow":["GET"]}}],"collection":[{"href":"https:\/\/2horizontes.com\/index.php?rest_route=\/wp\/v2\/posts"}],"about":[{"href":"https:\/\/2horizontes.com\/index.php?rest_route=\/wp\/v2\/types\/post"}],"author":[{"embeddable":true,"href":"https:\/\/2horizontes.com\/index.php?rest_route=\/wp\/v2\/users\/8"}],"replies":[{"embeddable":true,"href":"https:\/\/2horizontes.com\/index.php?rest_route=%2Fwp%2Fv2%2Fcomments&post=38314"}],"version-history":[{"count":1,"href":"https:\/\/2horizontes.com\/index.php?rest_route=\/wp\/v2\/posts\/38314\/revisions"}],"predecessor-version":[{"id":38316,"href":"https:\/\/2horizontes.com\/index.php?rest_route=\/wp\/v2\/posts\/38314\/revisions\/38316"}],"wp:featuredmedia":[{"embeddable":true,"href":"https:\/\/2horizontes.com\/index.php?rest_route=\/wp\/v2\/media\/38315"}],"wp:attachment":[{"href":"https:\/\/2horizontes.com\/index.php?rest_route=%2Fwp%2Fv2%2Fmedia&parent=38314"}],"wp:term":[{"taxonomy":"category","embeddable":true,"href":"https:\/\/2horizontes.com\/index.php?rest_route=%2Fwp%2Fv2%2Fcategories&post=38314"},{"taxonomy":"post_tag","embeddable":true,"href":"https:\/\/2horizontes.com\/index.php?rest_route=%2Fwp%2Fv2%2Ftags&post=38314"}],"curies":[{"name":"wp","href":"https:\/\/api.w.org\/{rel}","templated":true}]}}