{"id":3831,"date":"2015-03-30T15:29:38","date_gmt":"2015-03-30T15:29:38","guid":{"rendered":"http:\/\/2horizontes.com\/?p=3831"},"modified":"2015-03-30T15:29:38","modified_gmt":"2015-03-30T15:29:38","slug":"el-copiloto-lubitz-fue-tratado-hace-anos-por-tendencias-suicidas","status":"publish","type":"post","link":"https:\/\/2horizontes.com\/?p=3831","title":{"rendered":"El copiloto Lubitz fue tratado hace a\u00f1os por \u201ctendencias suicidas\u201d"},"content":{"rendered":"<p>Los psiquiatras no detectaron agresividad contra terceros desde que obtuvo su licencia<\/p>\n<p><a href=\"http:\/\/2horizontes.com\/wp-content\/uploads\/2015\/03\/\u00a1.jpg\"><img loading=\"lazy\" decoding=\"async\" src=\"http:\/\/2horizontes.com\/wp-content\/uploads\/2015\/03\/\u00a1-300x168.jpg\" alt=\",\u00a1\" width=\"300\" height=\"168\" class=\"alignleft size-medium wp-image-3833\" srcset=\"https:\/\/2horizontes.com\/wp-content\/uploads\/2015\/03\/\u00a1-300x168.jpg 300w, https:\/\/2horizontes.com\/wp-content\/uploads\/2015\/03\/\u00a1-510x286.jpg 510w, https:\/\/2horizontes.com\/wp-content\/uploads\/2015\/03\/\u00a1-360x200.jpg 360w, https:\/\/2horizontes.com\/wp-content\/uploads\/2015\/03\/\u00a1.jpg 640w\" sizes=\"auto, (max-width: 300px) 100vw, 300px\" \/><\/a><\/p>\n<p>Andreas Lubitz, el sospechoso de haber estrellado la semana pasada un A320 en los Alpes y haber acabado con la vida de 149 personas, hab\u00eda recibido tratamiento por \u00abtendencias suicidas\u00bb, seg\u00fan ha revelado este lunes la Fiscal\u00eda de D\u00fcsseldorf. \u00abVarios a\u00f1os antes de obtener su licencia, el copiloto hab\u00eda estado bajo tratamiento psiqui\u00e1trico durante un largo periodo de tiempo con evidentes tendencias suicidas\u00bb, ha afirmado la Fiscal\u00eda.<\/p>\n<p>Lubitz comenz\u00f3 a trabajar como copiloto de Germanwings en septiembre de 2013, unos meses m\u00e1s tarde de obtener su licencia de vuelo. Pero las tendencias suicidas a las que se refiere el fiscal son anteriores. Desde que tuvo su licencia, los m\u00e9dicos que visit\u00f3 y que le recetaron bajas m\u00e9dicas no detectaron \u201cni tendencias suicidas ni agresividad contra terceras personas\u201d, ha asegurado en D\u00fcsseldorf Christoph Kumpa, el portavoz que ha le\u00eddo el breve comunicado hecho p\u00fablico por la Fiscal\u00eda.<\/p>\n<p>Este dato es importante porque a\u00f1ade algo de luz al debate que estos d\u00edas ha surgido en Alemania sobre la responsabilidad de los m\u00e9dicos y los l\u00edmites de la confidencialidad cuando un paciente pueda suponer un peligro para la sociedad. Seg\u00fan la explicaci\u00f3n del fiscal, no es que el psiquiatra que trat\u00f3 a Lubitz -y que le dio la baja por no considerarlo apto para volar el d\u00eda del siniestro- no hiciera nada al observar las tendencias suicidas de su paciente, sino que no las detect\u00f3. Fuentes de Lufthansa consultadas tras conocer el escrito de la Fiscal\u00eda insisten en que la compa\u00f1\u00eda nunca supo nada sobre el estado de salud del copiloto que acababan de contratar. \u00abNo tenemos acceso a las actas m\u00e9dicas. Es una informaci\u00f3n secreta\u00bb, explican las fuentes consultadas por este peri\u00f3dico.<\/p>\n<p>La Fiscal\u00eda asegura adem\u00e1s que no ha encontrado ninguna prueba de que Andreas Lubitz padeciera una enfermedad f\u00edsica, en lo que parece una referencia a los problemas de visi\u00f3n -desprendimiento de retina, seg\u00fan publicaba el domingo el Bild- de los que se ha hablado en estos d\u00edas. Al no haber rastro de enfermedad f\u00edsica, estas dificultades podr\u00edan ser de origen psicosom\u00e1tico. Los investigadores no han dado con un documento en el que el copiloto anunciara sus intenciones o una carta de despedida; y los interrogatorios en su entorno familiar, personal y laboral tampoco han arrojado \u00abindicios consistentes que ayuden a explicar los posibles motivos\u00bb de sus actos.<\/p>\n<p>Mientras en D\u00fcsseldorf se esperaba con gran atenci\u00f3n las nuevas revelaciones de la Fiscal\u00eda, los detalles sobre el estado de salud de Lubitz -y qu\u00e9 sab\u00edan de \u00e9l Lufthansa y la Oficina Federal de Aviaci\u00f3n alemana- segu\u00edan saliendo a la luz. El copiloto renov\u00f3 el a\u00f1o pasado el visto bueno m\u00e9dico para volar, seg\u00fan confirman fuentes de la compa\u00f1\u00eda a este peri\u00f3dico. Lufthansa insiste en que nunca tuvo conocimiento de los problemas de salud de Lubitz, e incluso sostiene que en los documentos que ten\u00eda a su disposici\u00f3n \u2013la licencia y su idoneidad para volar- no estaban las siglas SIC, que avisan de que el empleado en cuesti\u00f3n debe someterse a una revisi\u00f3n m\u00e9dica especial de forma regular. Esta afirmaci\u00f3n choca con lo que dijeron durante el fin de semana las autoridades alemanas de aviaci\u00f3n.<\/p>\n<p>La investigaci\u00f3n en torno a las circunstancias de la tragedia a\u00e9rea en los Alpes franceses ha llevado a la polic\u00eda de la ciudad alemana de D\u00fcsseldorf a poner en marcha uno de sus operativos m\u00e1s grandes de las \u00faltimas d\u00e9cadas. Seg\u00fan informa este lunes el diario Rheinische Post, la comisi\u00f3n especial creada bajo el nombre de Alpes est\u00e1 formada por m\u00e1s de 100 agentes encargados de recabar datos sobre Lubitz, as\u00ed como de recoger muestras que permitan identificar a las m\u00e1s de 70 v\u00edctimas alemanas de la cat\u00e1strofe.<\/p>\n","protected":false},"excerpt":{"rendered":"<p>Los psiquiatras no detectaron agresividad contra terceros desde que obtuvo su licencia Andreas Lubitz, el sospechoso de haber estrellado la semana pasada un A320 en los Alpes y haber acabado con la vida de 149 personas, hab\u00eda recibido tratamiento por \u00abtendencias suicidas\u00bb, seg\u00fan ha revelado este lunes la Fiscal\u00eda de D\u00fcsseldorf. \u00abVarios a\u00f1os antes de [&hellip;]<\/p>\n","protected":false},"author":1,"featured_media":0,"comment_status":"open","ping_status":"open","sticky":false,"template":"","format":"standard","meta":{"footnotes":""},"categories":[1],"tags":[],"class_list":["post-3831","post","type-post","status-publish","format-standard","hentry","category-entretenimiento"],"_links":{"self":[{"href":"https:\/\/2horizontes.com\/index.php?rest_route=\/wp\/v2\/posts\/3831","targetHints":{"allow":["GET"]}}],"collection":[{"href":"https:\/\/2horizontes.com\/index.php?rest_route=\/wp\/v2\/posts"}],"about":[{"href":"https:\/\/2horizontes.com\/index.php?rest_route=\/wp\/v2\/types\/post"}],"author":[{"embeddable":true,"href":"https:\/\/2horizontes.com\/index.php?rest_route=\/wp\/v2\/users\/1"}],"replies":[{"embeddable":true,"href":"https:\/\/2horizontes.com\/index.php?rest_route=%2Fwp%2Fv2%2Fcomments&post=3831"}],"version-history":[{"count":1,"href":"https:\/\/2horizontes.com\/index.php?rest_route=\/wp\/v2\/posts\/3831\/revisions"}],"predecessor-version":[{"id":3834,"href":"https:\/\/2horizontes.com\/index.php?rest_route=\/wp\/v2\/posts\/3831\/revisions\/3834"}],"wp:attachment":[{"href":"https:\/\/2horizontes.com\/index.php?rest_route=%2Fwp%2Fv2%2Fmedia&parent=3831"}],"wp:term":[{"taxonomy":"category","embeddable":true,"href":"https:\/\/2horizontes.com\/index.php?rest_route=%2Fwp%2Fv2%2Fcategories&post=3831"},{"taxonomy":"post_tag","embeddable":true,"href":"https:\/\/2horizontes.com\/index.php?rest_route=%2Fwp%2Fv2%2Ftags&post=3831"}],"curies":[{"name":"wp","href":"https:\/\/api.w.org\/{rel}","templated":true}]}}