{"id":38236,"date":"2016-01-07T23:54:17","date_gmt":"2016-01-07T22:54:17","guid":{"rendered":"http:\/\/2horizontes.com\/?p=38236"},"modified":"2016-01-07T23:54:17","modified_gmt":"2016-01-07T22:54:17","slug":"belinda-le-cantara-al-papa-francisco","status":"publish","type":"post","link":"https:\/\/2horizontes.com\/?p=38236","title":{"rendered":"BELINDA LE CANTAR\u00c1 AL PAPA FRANCISCO"},"content":{"rendered":"<p>Ser\u00e1 el pr\u00f3ximo 13 de febrero cuando el Papa Francisco visite M\u00e9xico y Belinda se uni\u00f3 a Lucero, Carlos Rivera, Ana Victoria, Amanda Miguel, Diego Verdaguer, Emmanuel, Cristian Castro, La Trakalosa de Monterrey y otros int\u00e9rpretes para grabar &#8216;Luz&#8217; un himno al Sumo Pont\u00edfice, mismo que las estrellas esperan poder cantarle en vivo.<\/p>\n<p>Bajo la asesor\u00eda del argentino Diego Verdaguer, tambi\u00e9n se lanzar\u00e1 el disco M\u00e9xico Se Pinta De Luz con la participaci\u00f3n de los mencionados cantantes para darle la bienvenida al m\u00e1ximo representante de la Iglesia Cat\u00f3lica. El \u00e1lbum contiene dos temas in\u00e9ditos titulados &#8216;Cielo Abierto&#8217; y &#8216;Mi Estrella Gu\u00eda&#8217; y algunos covers.<\/p>\n<p>Parte de las ganancias recaudadas con el mencionado \u00e1lbum, ser\u00e1n donadas al Hospital Infantil de M\u00e9xico, Federico G\u00f3mez, especializado en tratamiento de ni\u00f1os con c\u00e1ncer,<\/p>\n<p>Tanto Belinda, como el resto de los int\u00e9rpretes est\u00e1n tratando que el Papa Francisco les haga un espacio durante su estancia en M\u00e9xico y as\u00ed puedan cantarle en vivo el himno en su honor, sin importar si es en vivo o usando playback.<\/p>\n","protected":false},"excerpt":{"rendered":"<p>Ser\u00e1 el pr\u00f3ximo 13 de febrero cuando el Papa Francisco visite M\u00e9xico y Belinda se uni\u00f3 a Lucero, Carlos Rivera, Ana Victoria, Amanda Miguel, Diego Verdaguer, Emmanuel, Cristian Castro, La Trakalosa de Monterrey y otros int\u00e9rpretes para grabar &#8216;Luz&#8217; un himno al Sumo Pont\u00edfice, mismo que las estrellas esperan poder cantarle en vivo. Bajo la [&hellip;]<\/p>\n","protected":false},"author":3,"featured_media":38237,"comment_status":"open","ping_status":"open","sticky":false,"template":"","format":"standard","meta":{"footnotes":""},"categories":[1],"tags":[],"class_list":["post-38236","post","type-post","status-publish","format-standard","has-post-thumbnail","hentry","category-entretenimiento"],"_links":{"self":[{"href":"https:\/\/2horizontes.com\/index.php?rest_route=\/wp\/v2\/posts\/38236","targetHints":{"allow":["GET"]}}],"collection":[{"href":"https:\/\/2horizontes.com\/index.php?rest_route=\/wp\/v2\/posts"}],"about":[{"href":"https:\/\/2horizontes.com\/index.php?rest_route=\/wp\/v2\/types\/post"}],"author":[{"embeddable":true,"href":"https:\/\/2horizontes.com\/index.php?rest_route=\/wp\/v2\/users\/3"}],"replies":[{"embeddable":true,"href":"https:\/\/2horizontes.com\/index.php?rest_route=%2Fwp%2Fv2%2Fcomments&post=38236"}],"version-history":[{"count":1,"href":"https:\/\/2horizontes.com\/index.php?rest_route=\/wp\/v2\/posts\/38236\/revisions"}],"predecessor-version":[{"id":38238,"href":"https:\/\/2horizontes.com\/index.php?rest_route=\/wp\/v2\/posts\/38236\/revisions\/38238"}],"wp:featuredmedia":[{"embeddable":true,"href":"https:\/\/2horizontes.com\/index.php?rest_route=\/wp\/v2\/media\/38237"}],"wp:attachment":[{"href":"https:\/\/2horizontes.com\/index.php?rest_route=%2Fwp%2Fv2%2Fmedia&parent=38236"}],"wp:term":[{"taxonomy":"category","embeddable":true,"href":"https:\/\/2horizontes.com\/index.php?rest_route=%2Fwp%2Fv2%2Fcategories&post=38236"},{"taxonomy":"post_tag","embeddable":true,"href":"https:\/\/2horizontes.com\/index.php?rest_route=%2Fwp%2Fv2%2Ftags&post=38236"}],"curies":[{"name":"wp","href":"https:\/\/api.w.org\/{rel}","templated":true}]}}