{"id":38159,"date":"2016-01-07T01:44:06","date_gmt":"2016-01-07T00:44:06","guid":{"rendered":"http:\/\/2horizontes.com\/?p=38159"},"modified":"2016-01-07T01:44:06","modified_gmt":"2016-01-07T00:44:06","slug":"frank-reyes-manda-a-bajar-hombre-de-tarima-porque-no-se-sabia-su-cancion-rd","status":"publish","type":"post","link":"https:\/\/2horizontes.com\/?p=38159","title":{"rendered":"Frank Reyes manda a bajar hombre de tarima porque no se sab\u00eda su canci\u00f3n RD"},"content":{"rendered":"<p>El bachatero Frank Reyes avergonz\u00f3 \u00a0a un fan\u00e1tico suyo durante una presentaci\u00f3n cuando lo mando a bajar del escenario al este no conocer la letra de la canci\u00f3n que interpretaba.<\/p>\n<p>\u00abYo pensaba que usted se sab\u00eda la canci\u00f3n. \u00bfSi no te la sabes, a qu\u00e9 subes aqu\u00ed? No, no, no me digas nada. \u00bfSi no te sabes la canci\u00f3n a qu\u00e9 te subes aqu\u00ed? Si no se sabe la canci\u00f3n b\u00e1jese ahora mismo de aqu\u00ed\u00bb, le dijo el popular artista al hombre, el cual fue identificado por el p\u00fablico como Arismendy.<\/p>\n<p>De acuerdo a una nota publicada en Masvip.com, que incluye el audio del incidente, el cual dijo obtuvo del portal Controlliniero.com, ante la insistencia del p\u00fablico que le gritaba que se trataba de la persona arriba se\u00f1alda, Reyes dijo: \u00a0\u00abA m\u00ed no me importa que sea Cuco Valoy, Cuco Lonoy. Si usted no se sabe mi canci\u00f3n no suba aqu\u00ed\u00bb.<\/p>\n<p>Luego continu\u00f3 cantando y pidi\u00f3 en tres ocasiones que el hombre fuera sacado del lugar con la frase \u201cs\u00e1quenlo\u201d.<\/p>\n<p>Seg\u00fan la nota el hecho ocurri\u00f3 durante una fiesta en Villa V\u00e1squez, pero no especifica la fecha.<\/p>\n<p>&nbsp;<\/p>\n","protected":false},"excerpt":{"rendered":"<p>El bachatero Frank Reyes avergonz\u00f3 \u00a0a un fan\u00e1tico suyo durante una presentaci\u00f3n cuando lo mando a bajar del escenario al este no conocer la letra de la canci\u00f3n que interpretaba. \u00abYo pensaba que usted se sab\u00eda la canci\u00f3n. \u00bfSi no te la sabes, a qu\u00e9 subes aqu\u00ed? No, no, no me digas nada. \u00bfSi no [&hellip;]<\/p>\n","protected":false},"author":8,"featured_media":38160,"comment_status":"open","ping_status":"open","sticky":false,"template":"","format":"standard","meta":{"footnotes":""},"categories":[1,44],"tags":[],"class_list":["post-38159","post","type-post","status-publish","format-standard","has-post-thumbnail","hentry","category-entretenimiento","category-republica-dominicana"],"_links":{"self":[{"href":"https:\/\/2horizontes.com\/index.php?rest_route=\/wp\/v2\/posts\/38159","targetHints":{"allow":["GET"]}}],"collection":[{"href":"https:\/\/2horizontes.com\/index.php?rest_route=\/wp\/v2\/posts"}],"about":[{"href":"https:\/\/2horizontes.com\/index.php?rest_route=\/wp\/v2\/types\/post"}],"author":[{"embeddable":true,"href":"https:\/\/2horizontes.com\/index.php?rest_route=\/wp\/v2\/users\/8"}],"replies":[{"embeddable":true,"href":"https:\/\/2horizontes.com\/index.php?rest_route=%2Fwp%2Fv2%2Fcomments&post=38159"}],"version-history":[{"count":1,"href":"https:\/\/2horizontes.com\/index.php?rest_route=\/wp\/v2\/posts\/38159\/revisions"}],"predecessor-version":[{"id":38161,"href":"https:\/\/2horizontes.com\/index.php?rest_route=\/wp\/v2\/posts\/38159\/revisions\/38161"}],"wp:featuredmedia":[{"embeddable":true,"href":"https:\/\/2horizontes.com\/index.php?rest_route=\/wp\/v2\/media\/38160"}],"wp:attachment":[{"href":"https:\/\/2horizontes.com\/index.php?rest_route=%2Fwp%2Fv2%2Fmedia&parent=38159"}],"wp:term":[{"taxonomy":"category","embeddable":true,"href":"https:\/\/2horizontes.com\/index.php?rest_route=%2Fwp%2Fv2%2Fcategories&post=38159"},{"taxonomy":"post_tag","embeddable":true,"href":"https:\/\/2horizontes.com\/index.php?rest_route=%2Fwp%2Fv2%2Ftags&post=38159"}],"curies":[{"name":"wp","href":"https:\/\/api.w.org\/{rel}","templated":true}]}}