{"id":38122,"date":"2016-01-06T17:43:02","date_gmt":"2016-01-06T16:43:02","guid":{"rendered":"http:\/\/2horizontes.com\/?p=38122"},"modified":"2016-01-06T17:43:02","modified_gmt":"2016-01-06T16:43:02","slug":"desfile-de-los-reyes-magos-causa-sensacion-en-la-capital-de-rd","status":"publish","type":"post","link":"https:\/\/2horizontes.com\/?p=38122","title":{"rendered":"Desfile de los Reyes Magos causa sensaci\u00f3n en la capital de RD"},"content":{"rendered":"<p>RD- SANTO DOMINGO-Los b\u00edblicos Reyes Magos: Gaspar, Melchor y Baltasar emocionaron anoche a ni\u00f1os y adultos de la capital con su tradicional desfile organizado por el Ayuntamiento del Distrito Nacional.<br \/>\nEl recorrido estaba pautado para iniciar a las 7:00 de la noche, pero horas antes ya cientos de personas empezaron a aglomerarse en los alrededores del cuartel general del Cuerpo de Bomberos del Distrito Nacional, ubicado en la avenida Mella.<\/p>\n<p>Muchas madres cargaban a sus ni\u00f1os peque\u00f1os en sus hombros y se colocaban estrat\u00e9gicamente para presenciar el tradicional desfile de los \u201cReyes Magos\u201d que se celebra cada 5 de enero, en la v\u00edspera de la epifan\u00eda del Se\u00f1or Jesucristo.<\/p>\n<p>El jefe del Cuerpo de Bomberos, Oscar Guillermo Garc\u00eda, dijo que se trata de una tradici\u00f3n de m\u00e1s de 50 a\u00f1os, auspiciada por el Ayuntamiento del Distrito Nacional, partiendo desde el cuartel general para recorrer las avenidas M\u00e9xico, Duarte y Mella, as\u00ed como las calles Palo Hincado, Arzobispo Meri\u00f1o y El Conde, en la Zona Colonial.<\/p>\n<p>\u201cEs una tradici\u00f3n que los padres traigan a sus hijos y esos padres que hoy traen a sus hijos vinieron con sus padres y sus abuelos a este tradicional desfile; f\u00edjese que sin nosotros hacer ning\u00fan tipo de invitaci\u00f3n ni\u00f1os y adultos vienen cada a\u00f1o a ver la salida del desfile y lo acompa\u00f1an durante todo el trayecto\u201d, dijo Garc\u00eda.<\/p>\n<p>La banda de m\u00fasica del Cuerpo de Bomberos acompa\u00f1\u00f3 a la comparsa integrada por personas con disfraces alusivos a la tradici\u00f3n que habla de los reyes de Oriente que, tras el nacimiento de Jes\u00fas de Nazaret, acudieron a honrarlo por ser el hijos de Dios y llevarle regalos de gran significado simb\u00f3lico a su destino: oro, incienso y mirra. El prop\u00f3sito del desfile es recordarles a los ni\u00f1os y ni\u00f1as la importancia de tener un buen comportamiento durante el a\u00f1o, incluso algunas de las personas portaban cartelones que dec\u00edan \u201cCarb\u00f3n para los ni\u00f1os que se portan mal\u201d.<\/p>\n<p>El jefe del Cuerpo de Bomberos dijo que cada a\u00f1o los participantes de los grupos que desfilan son distintos y acuden de manera voluntaria desde diferentes sectores de la capital para acompa\u00f1ar a Gaspar, Melchor y Baltasar, quienes saludan y entregan golosinas a los ni\u00f1os, por los sectores capitale\u00f1os de Santa B\u00e1rbara, San Carlos, Ciudad Nueva y la Zona Colonial.<\/p>\n","protected":false},"excerpt":{"rendered":"<p>RD- SANTO DOMINGO-Los b\u00edblicos Reyes Magos: Gaspar, Melchor y Baltasar emocionaron anoche a ni\u00f1os y adultos de la capital con su tradicional desfile organizado por el Ayuntamiento del Distrito Nacional. El recorrido estaba pautado para iniciar a las 7:00 de la noche, pero horas antes ya cientos de personas empezaron a aglomerarse en los alrededores [&hellip;]<\/p>\n","protected":false},"author":8,"featured_media":38124,"comment_status":"open","ping_status":"open","sticky":false,"template":"","format":"standard","meta":{"footnotes":""},"categories":[62,1,44],"tags":[],"class_list":["post-38122","post","type-post","status-publish","format-standard","has-post-thumbnail","hentry","category-cultura","category-entretenimiento","category-republica-dominicana"],"_links":{"self":[{"href":"https:\/\/2horizontes.com\/index.php?rest_route=\/wp\/v2\/posts\/38122","targetHints":{"allow":["GET"]}}],"collection":[{"href":"https:\/\/2horizontes.com\/index.php?rest_route=\/wp\/v2\/posts"}],"about":[{"href":"https:\/\/2horizontes.com\/index.php?rest_route=\/wp\/v2\/types\/post"}],"author":[{"embeddable":true,"href":"https:\/\/2horizontes.com\/index.php?rest_route=\/wp\/v2\/users\/8"}],"replies":[{"embeddable":true,"href":"https:\/\/2horizontes.com\/index.php?rest_route=%2Fwp%2Fv2%2Fcomments&post=38122"}],"version-history":[{"count":1,"href":"https:\/\/2horizontes.com\/index.php?rest_route=\/wp\/v2\/posts\/38122\/revisions"}],"predecessor-version":[{"id":38125,"href":"https:\/\/2horizontes.com\/index.php?rest_route=\/wp\/v2\/posts\/38122\/revisions\/38125"}],"wp:featuredmedia":[{"embeddable":true,"href":"https:\/\/2horizontes.com\/index.php?rest_route=\/wp\/v2\/media\/38124"}],"wp:attachment":[{"href":"https:\/\/2horizontes.com\/index.php?rest_route=%2Fwp%2Fv2%2Fmedia&parent=38122"}],"wp:term":[{"taxonomy":"category","embeddable":true,"href":"https:\/\/2horizontes.com\/index.php?rest_route=%2Fwp%2Fv2%2Fcategories&post=38122"},{"taxonomy":"post_tag","embeddable":true,"href":"https:\/\/2horizontes.com\/index.php?rest_route=%2Fwp%2Fv2%2Ftags&post=38122"}],"curies":[{"name":"wp","href":"https:\/\/api.w.org\/{rel}","templated":true}]}}