{"id":38097,"date":"2016-01-06T16:29:36","date_gmt":"2016-01-06T15:29:36","guid":{"rendered":"http:\/\/2horizontes.com\/?p=38097"},"modified":"2016-01-06T16:37:11","modified_gmt":"2016-01-06T15:37:11","slug":"la-feria-de-negocios-mas-grande-de-america-latina-abrira-sus-puertas-en-medellin","status":"publish","type":"post","link":"https:\/\/2horizontes.com\/?p=38097","title":{"rendered":"La feria de negocios m\u00e1s grande de Am\u00e9rica Latina abrir\u00e1 sus puertas en Medell\u00edn"},"content":{"rendered":"<div id=\"ArticleSourceDiv\" class=\"article-body-author\"><b>Medell\u00edn, Colombia<\/b><\/div>\n<div id=\"ArticleBody\">\n<p>Cerca de 500 expositores y once mil compradores nacionales e internacionales se reunir\u00e1n en Colombiatex de las Am\u00e9ricas, la feria de negocios m\u00e1s importante de textiles, materias primas, insumos, maquinaria y productos qu\u00edmicos para la confecci\u00f3n en Am\u00e9rica Latina, que se realizar\u00e1 en Plaza Mayor Medell\u00edn el 26, 27 y 28 de este mes.<\/p>\n<p>\u201cBajo la premisa de que las tendencias de moda nacen en los textiles e insumos, producto de las m\u00faltiples disciplinas y visiones que los permean, invitamos a compradores, expositores, medios de comunicaci\u00f3n y amantes del Sistema Moda,\u00a0 a que nos acompa\u00f1en en esta vig\u00e9simo octava edici\u00f3n de la feria que re\u00fane lo mejor de la industria\u201d, afirma Carlos Eduardo Botero, presidente ejecutivo de Inexmoda.<\/p>\n<p>Colombiatex de las Am\u00e9ricas ya cuenta con la participaci\u00f3n de 500 expositores confirmados, 40% de ellos internacionales. \u201cDestacamos la presencia de pa\u00edses como India, Espa\u00f1a y Brasil que encabezan la lista, sin dejar por fuera a un grupo de empresas proveniente de Italia, que nos acompa\u00f1a por primera vez gracias a la embajada de este pa\u00eds en Colombia que conf\u00edan en la calidad de expositores y compradores que componen la oferta de esta plataforma comercial\u201d, confirm\u00f3 Botero.<\/p>\n<p>El Pabell\u00f3n Amarillo de Plaza Mayor albergar\u00e1 la gran oferta de expositores de maquinaria que visitan Medell\u00edn para presentar a locales y extranjeros la innovaci\u00f3n en los procesos de producci\u00f3n, confirmando una vez m\u00e1s su importancia dentro de la industria.<\/p>\n<p>\u201c9.200 compradores nacionales y 1.700 internacionales, llegar\u00e1n a Colombiatex de las Am\u00e9ricas para contribuir a los negocios del Sistema Moda, y as\u00ed demostrar que Colombia es uno de los\u00a0 mercados m\u00e1s atractivos en la regi\u00f3n latinoamericana. Gracias al apoyo de Procolombia se logra que misiones comerciales de diferentes pa\u00edses, visiten la Feria en b\u00fasqueda de nuevas oportunidades de negocios, que se espera que alcancen un valor aproximado de $306 millones de d\u00f3lares\u201d explic\u00f3.<\/p>\n<p>Con el fin de ofrecerle a los visitantes una completa informaci\u00f3n de tendencias y de esta forma innovar en su oferta de valor, Colombiatex de las Am\u00e9ricas cuenta con el Foro de Tendencias, donde se exhiben los productos de los expositores de la Feria. Aqu\u00ed, el Denim es protagonista gracias a la presencia del Denim Review y a la celebraci\u00f3n del Denim Day que se realiza el mi\u00e9rcoles 27 de enero donde se invita a todos los asistentes a vestir su mejor look de esta industria y de esta forma rendirle un homenaje.<\/p>\n<p>La moda y el entretenimiento se unir\u00e1n en la pr\u00f3xima edici\u00f3n para generar un v\u00ednculo entre industria y creatividad, y evidenciar c\u00f3mo los textiles se aplican en el producto final. Esto se logra a trav\u00e9s de los Fash.Mob el espacio donde el productor y el comercializador se conectan con el talento joven.<\/p>\n<p>Dijo que estudiantes, dise\u00f1adores, empresarios, acad\u00e9micos y amantes del Sistema Moda tambi\u00e9n pueden hacer parte de la Feria gracias al Pabell\u00f3n del Conocimiento Inexmoda \u2013 UPB, el espacio gratuito de formaci\u00f3n m\u00e1s importante de Am\u00e9rica Latina.<\/p>\n<p>Bajo la premisa \u201cConectar conocimiento para hacer vibrar el Sistema Moda\u201d, Inexmoda realizar\u00e1 Colombiatex de las Am\u00e9ricas para no s\u00f3lo conectar industria sino generar pasi\u00f3n por los negocios y el conocimiento.<\/p>\n<\/div>\n","protected":false},"excerpt":{"rendered":"<p>Medell\u00edn, Colombia Cerca de 500 expositores y once mil compradores nacionales e internacionales se reunir\u00e1n en Colombiatex de las Am\u00e9ricas, la feria de negocios m\u00e1s importante de textiles, materias primas, insumos, maquinaria y productos qu\u00edmicos para la confecci\u00f3n en Am\u00e9rica Latina, que se realizar\u00e1 en Plaza Mayor Medell\u00edn el 26, 27 y 28 de este [&hellip;]<\/p>\n","protected":false},"author":7,"featured_media":38099,"comment_status":"open","ping_status":"open","sticky":false,"template":"","format":"standard","meta":{"footnotes":""},"categories":[50,63,40],"tags":[],"class_list":["post-38097","post","type-post","status-publish","format-standard","has-post-thumbnail","hentry","category-colombia","category-economia","category-internacionales"],"_links":{"self":[{"href":"https:\/\/2horizontes.com\/index.php?rest_route=\/wp\/v2\/posts\/38097","targetHints":{"allow":["GET"]}}],"collection":[{"href":"https:\/\/2horizontes.com\/index.php?rest_route=\/wp\/v2\/posts"}],"about":[{"href":"https:\/\/2horizontes.com\/index.php?rest_route=\/wp\/v2\/types\/post"}],"author":[{"embeddable":true,"href":"https:\/\/2horizontes.com\/index.php?rest_route=\/wp\/v2\/users\/7"}],"replies":[{"embeddable":true,"href":"https:\/\/2horizontes.com\/index.php?rest_route=%2Fwp%2Fv2%2Fcomments&post=38097"}],"version-history":[{"count":2,"href":"https:\/\/2horizontes.com\/index.php?rest_route=\/wp\/v2\/posts\/38097\/revisions"}],"predecessor-version":[{"id":38104,"href":"https:\/\/2horizontes.com\/index.php?rest_route=\/wp\/v2\/posts\/38097\/revisions\/38104"}],"wp:featuredmedia":[{"embeddable":true,"href":"https:\/\/2horizontes.com\/index.php?rest_route=\/wp\/v2\/media\/38099"}],"wp:attachment":[{"href":"https:\/\/2horizontes.com\/index.php?rest_route=%2Fwp%2Fv2%2Fmedia&parent=38097"}],"wp:term":[{"taxonomy":"category","embeddable":true,"href":"https:\/\/2horizontes.com\/index.php?rest_route=%2Fwp%2Fv2%2Fcategories&post=38097"},{"taxonomy":"post_tag","embeddable":true,"href":"https:\/\/2horizontes.com\/index.php?rest_route=%2Fwp%2Fv2%2Ftags&post=38097"}],"curies":[{"name":"wp","href":"https:\/\/api.w.org\/{rel}","templated":true}]}}