{"id":38094,"date":"2016-01-06T16:26:54","date_gmt":"2016-01-06T15:26:54","guid":{"rendered":"http:\/\/2horizontes.com\/?p=38094"},"modified":"2016-01-06T16:31:58","modified_gmt":"2016-01-06T15:31:58","slug":"panico-en-el-aire-un-hombre-intento-abrir-la-puerta-de-un-avion-para-suicidarse","status":"publish","type":"post","link":"https:\/\/2horizontes.com\/?p=38094","title":{"rendered":"P\u00e1nico en el aire: un hombre intent\u00f3 abrir la puerta de un avi\u00f3n para suicidarse"},"content":{"rendered":"<p>Un hombre de 44 a\u00f1os y nacionalidad rumana fue detenido despu\u00e9s de que intentara <b>abrir la puerta de un avi\u00f3n en pleno vuelo<\/b> para acabar con su vida entre las ciudades espa\u00f1olas de Palma e Ibiza, en las Baleares, en el mar Mediterr\u00e1neo, inform\u00f3 este martes la Guardia Civil.<\/p>\n<p>El hombre<b> fue reducido por la tripulaci\u00f3n<\/b> y los pasajeros del vuelo que cubr\u00eda el trayecto entre esas dos ciudades isle\u00f1as.<\/p>\n<div id=\"embed34_wrap\" class=\"embed_cont type_freetext\">\n<div id=\"embed34_copyright\" class=\"embed_copyright\">\u00a0Despu\u00e9s de que el autor del incidente, <b>con problemas mentales diagnosticados<\/b>, fuera reducido, el comandante de la tripulaci\u00f3n pidi\u00f3 a la torre de control de Ibiza la presencia de la Guardia Civil para que procediera a su detenci\u00f3n.<\/div>\n<\/div>\n<p>El suceso tuvo lugar ayer lunes poco antes de mediod\u00eda y despu\u00e9s de que el avi\u00f3n aterrizara en Ibiza el hombre <b>fue detenido y trasladado a un hospital.<\/b><\/p>\n<p>Las autoridades a\u00f1adieron que al detenido <b>se le imputar\u00e1 un delito contra la seguridad \u00e1rea.<\/b><\/p>\n<p>F. Infobae.<\/p>\n","protected":false},"excerpt":{"rendered":"<p>Un hombre de 44 a\u00f1os y nacionalidad rumana fue detenido despu\u00e9s de que intentara abrir la puerta de un avi\u00f3n en pleno vuelo para acabar con su vida entre las ciudades espa\u00f1olas de Palma e Ibiza, en las Baleares, en el mar Mediterr\u00e1neo, inform\u00f3 este martes la Guardia Civil. El hombre fue reducido por la [&hellip;]<\/p>\n","protected":false},"author":7,"featured_media":38093,"comment_status":"open","ping_status":"open","sticky":false,"template":"","format":"standard","meta":{"footnotes":""},"categories":[85,86,40],"tags":[],"class_list":["post-38094","post","type-post","status-publish","format-standard","has-post-thumbnail","hentry","category-espana","category-europa","category-internacionales"],"_links":{"self":[{"href":"https:\/\/2horizontes.com\/index.php?rest_route=\/wp\/v2\/posts\/38094","targetHints":{"allow":["GET"]}}],"collection":[{"href":"https:\/\/2horizontes.com\/index.php?rest_route=\/wp\/v2\/posts"}],"about":[{"href":"https:\/\/2horizontes.com\/index.php?rest_route=\/wp\/v2\/types\/post"}],"author":[{"embeddable":true,"href":"https:\/\/2horizontes.com\/index.php?rest_route=\/wp\/v2\/users\/7"}],"replies":[{"embeddable":true,"href":"https:\/\/2horizontes.com\/index.php?rest_route=%2Fwp%2Fv2%2Fcomments&post=38094"}],"version-history":[{"count":2,"href":"https:\/\/2horizontes.com\/index.php?rest_route=\/wp\/v2\/posts\/38094\/revisions"}],"predecessor-version":[{"id":38101,"href":"https:\/\/2horizontes.com\/index.php?rest_route=\/wp\/v2\/posts\/38094\/revisions\/38101"}],"wp:featuredmedia":[{"embeddable":true,"href":"https:\/\/2horizontes.com\/index.php?rest_route=\/wp\/v2\/media\/38093"}],"wp:attachment":[{"href":"https:\/\/2horizontes.com\/index.php?rest_route=%2Fwp%2Fv2%2Fmedia&parent=38094"}],"wp:term":[{"taxonomy":"category","embeddable":true,"href":"https:\/\/2horizontes.com\/index.php?rest_route=%2Fwp%2Fv2%2Fcategories&post=38094"},{"taxonomy":"post_tag","embeddable":true,"href":"https:\/\/2horizontes.com\/index.php?rest_route=%2Fwp%2Fv2%2Ftags&post=38094"}],"curies":[{"name":"wp","href":"https:\/\/api.w.org\/{rel}","templated":true}]}}