{"id":38081,"date":"2016-01-06T16:00:55","date_gmt":"2016-01-06T15:00:55","guid":{"rendered":"http:\/\/2horizontes.com\/?p=38081"},"modified":"2016-01-06T16:00:55","modified_gmt":"2016-01-06T15:00:55","slug":"el-nuevo-parlamento-venezolano-intentara-adelantar-fin-del-mandato-de-maduro","status":"publish","type":"post","link":"https:\/\/2horizontes.com\/?p=38081","title":{"rendered":"El nuevo Parlamento venezolano intentar\u00e1 adelantar fin del mandato de Maduro"},"content":{"rendered":"<div id=\"ArticleAuthorDiv\" class=\"article-body-author\"><b>EFE<\/b><\/div>\n<div id=\"ArticleSourceDiv\" class=\"article-body-author\"><b>Caracas, Venezuela<\/b><\/div>\n<div id=\"ArticleBody\">\n<p>El nuevo Parlamento venezolano, el primero del periodo chavista con mayor\u00eda opositora, se constituy\u00f3 ayer con la intenci\u00f3n expresada por su presidente, Henry Ramos Allup, de poner fin antes de tiempo al mandato del jefe del Estado, Nicol\u00e1s Maduro, que expira en 2019.<\/p>\n<p>En una sesi\u00f3n enconada y tensa, que inaugura un tiempo de cohabitaci\u00f3n en el pa\u00eds que se prev\u00e9 complicado, Ramos Allup, se jurament\u00f3 a s\u00ed mismo como presidente del parlamento antes de afirmar que en seis meses el nuevo Legislativo decidir\u00e1 la \u00absalida constitucional, democr\u00e1tica, pac\u00edfica y electoral para la cesaci\u00f3n de este Gobierno\u00bb.<\/p>\n<p>Las opciones para ello, record\u00f3 Ramos Allup, ser\u00edan la convocatoria de un referendo revocatorio del mandato presidencial -que puede activarse cuando Maduro cumpla en julio la mitad de su gesti\u00f3n-, la enmienda constitucional, la renuncia voluntaria del gobernante o el establecimiento de una Asamblea Constituyente.<\/p>\n<p>El nuevo presidente del Legislativo, uno de los m\u00e1s ac\u00e9rrimos opositores a Maduro, recalc\u00f3 que los diputados no tienen entre sus atribuciones aprobar el balance anual de la gesti\u00f3n presidencial, pero advirti\u00f3 de que s\u00ed pueden censurar la de los ministros e inst\u00f3 a los diputados a pedirles cuentas.<\/p>\n<p>Ramos Allup recalc\u00f3 que la aprobaci\u00f3n de una ley de amnist\u00eda para los opositores presos ser\u00e1 tambi\u00e9n un compromiso \u00abno transable\u00bb de la reci\u00e9n estrenada c\u00e1mara.<\/p>\n<p>El nuevo Parlamento de mayor\u00eda opositora, in\u00e9dito en el chavismo desde que se cre\u00f3 la Asamblea Nacional (AN) en 2000, arranc\u00f3 con la inc\u00f3gnita de si la oposici\u00f3n controlar\u00e1 finalmente los dos tercios de la c\u00e1mara (112 diputados), lo que le permitir\u00eda acometer m\u00e1s f\u00e1cilmente esos y otros cambios de calado en el pa\u00eds.<\/p>\n<p>Aunque la oposici\u00f3n consigui\u00f3 112 diputados en las elecciones del pasado 6 de diciembre, el Tribunal Supremo de Justicia (TSJ) orden\u00f3 el 30 de diciembre suspender cautelarmente la proclamaci\u00f3n de los cuatro diputados elegidos por el estado Amazonas (tres opositores y un chavista) tras un recurso del chavismo por un supuesto fraude en las votaciones.<\/p>\n<p>Los dirigentes opositores hab\u00edan asegurado que no acatar\u00edan la decisi\u00f3n del Supremo y los tres diputados opositores suspendidos acudieron hoy a la constituci\u00f3n de la Asamblea, aunque el diputado chavista integrante de la comisi\u00f3n temporal para la revisi\u00f3n de credenciales indic\u00f3 que estas no se les hab\u00edan concedido.<\/p>\n<p>En la sesi\u00f3n de hoy la oposici\u00f3n desisti\u00f3 de hacer un \u00abcasus belli\u00bb de la decisi\u00f3n del Tribunal Supremo pero no se descarta que pueda hacerlo en un futuro pr\u00f3ximo o incluso este mi\u00e9rcoles, cuando Ramos Allup convoc\u00f3 a una nueva sesi\u00f3n extraordinaria de la C\u00e1mara.<\/p>\n<p>La Asamblea qued\u00f3 pues constituida por el momento con 109 diputados opositores y 54 chavistas a la espera de la decisi\u00f3n final del Tribunal Supremo sobre las impugnaciones o de que se repitan las elecciones en Amazonas.<\/p>\n<p>Como un s\u00edmbolo de la nueva \u00e9poca iniciada hoy, antes de que comenzara el pleno se retiraron del hemiciclo las grandes im\u00e1genes del pr\u00f3cer independentista Sim\u00f3n Bol\u00edvar y de fallecido presidente Hugo Ch\u00e1vez, que ocupaban hasta ahora un lugar destacado en la sala.<\/p>\n<p>A la sesi\u00f3n acudieron como invitadas Lilian Tintori, Mitzy Capriles y Patricia Guti\u00e9rrez, esposas de los dirigentes opositores presos Leopoldo L\u00f3pez, Antonio Ledezma y Daniel Ceballos, adem\u00e1s de alcaldes y gobernadores de la oposici\u00f3n como el dos veces candidato presidencial Henrique Capriles.<\/p>\n<p>Tambi\u00e9n ocup\u00f3 un lugar en la tribuna de invitados por la alianza opositora Mesa de la Unidad Democr\u00e1tica (MUD) el expresidente colombiano Andr\u00e9s Pastrana, lo que fue calificado de \u00abindignante\u00bb por un parlamentario chavista.<\/p>\n<p>La primera dama de Venezuela y tambi\u00e9n diputada electa, Cilia Flores, acudi\u00f3 acompa\u00f1ada por el presidente saliente de la AN, Diosdado Cabello, quien asegur\u00f3 antes de entrar al hemiciclo que la bancada chavista est\u00e1 preparada para cumplir de manera \u00abestricta\u00bb la Constituci\u00f3n y el reglamento interno y de debate del Parlamento.<\/p>\n<p>Cabello abandon\u00f3 posteriormente la sesi\u00f3n junto al resto de 54 diputados chavistas al considerar que Ramos Allup incurri\u00f3 en una \u00abviolaci\u00f3n flagrante\u00bb del reglamento del parlamento al conceder la palabra al diputado opositor Julio Borges del partido Primero Justicia (PJ) cuando la sesi\u00f3n era de instalaci\u00f3n y \u00abno estaba previsto ning\u00fan derecho de palabra adicional\u00bb.<\/p>\n<p>La concesi\u00f3n de la palabra al diputado de Primero Justicia provoc\u00f3 un fuerte rifirafe, con varios parlamentarios chavistas que se acercaron a Ramos Allup para protestar y rodearon a Borges mientras este intentaba hablar.<\/p>\n<p>Tras abandonar la sesi\u00f3n, algunos de los representantes oficialistas realizaron intervenciones improvisadas en plena calle ante sus seguidores, entre ellas Cilia Flores, quien asegur\u00f3 que el chavismo hab\u00eda \u00abganado el primer round\u00bb en el Parlamento al \u00ablograr que se acatara la decisi\u00f3n del Supremo\u00bb.<\/p>\n<p>Las calles que rodean a la Asamblea Nacional de Venezuela en el oeste de Caracas fueron tomadas hoy por cientos de simpatizantes de la oposici\u00f3n y del chavismo, que, a un lado y otro del Parlamento, coreaban consignas de apoyo.<\/p>\n<\/div>\n","protected":false},"excerpt":{"rendered":"<p>EFE Caracas, Venezuela El nuevo Parlamento venezolano, el primero del periodo chavista con mayor\u00eda opositora, se constituy\u00f3 ayer con la intenci\u00f3n expresada por su presidente, Henry Ramos Allup, de poner fin antes de tiempo al mandato del jefe del Estado, Nicol\u00e1s Maduro, que expira en 2019. En una sesi\u00f3n enconada y tensa, que inaugura un [&hellip;]<\/p>\n","protected":false},"author":7,"featured_media":38082,"comment_status":"open","ping_status":"open","sticky":false,"template":"","format":"standard","meta":{"footnotes":""},"categories":[40,43,48],"tags":[],"class_list":["post-38081","post","type-post","status-publish","format-standard","has-post-thumbnail","hentry","category-internacionales","category-politica","category-venezuela"],"_links":{"self":[{"href":"https:\/\/2horizontes.com\/index.php?rest_route=\/wp\/v2\/posts\/38081","targetHints":{"allow":["GET"]}}],"collection":[{"href":"https:\/\/2horizontes.com\/index.php?rest_route=\/wp\/v2\/posts"}],"about":[{"href":"https:\/\/2horizontes.com\/index.php?rest_route=\/wp\/v2\/types\/post"}],"author":[{"embeddable":true,"href":"https:\/\/2horizontes.com\/index.php?rest_route=\/wp\/v2\/users\/7"}],"replies":[{"embeddable":true,"href":"https:\/\/2horizontes.com\/index.php?rest_route=%2Fwp%2Fv2%2Fcomments&post=38081"}],"version-history":[{"count":1,"href":"https:\/\/2horizontes.com\/index.php?rest_route=\/wp\/v2\/posts\/38081\/revisions"}],"predecessor-version":[{"id":38083,"href":"https:\/\/2horizontes.com\/index.php?rest_route=\/wp\/v2\/posts\/38081\/revisions\/38083"}],"wp:featuredmedia":[{"embeddable":true,"href":"https:\/\/2horizontes.com\/index.php?rest_route=\/wp\/v2\/media\/38082"}],"wp:attachment":[{"href":"https:\/\/2horizontes.com\/index.php?rest_route=%2Fwp%2Fv2%2Fmedia&parent=38081"}],"wp:term":[{"taxonomy":"category","embeddable":true,"href":"https:\/\/2horizontes.com\/index.php?rest_route=%2Fwp%2Fv2%2Fcategories&post=38081"},{"taxonomy":"post_tag","embeddable":true,"href":"https:\/\/2horizontes.com\/index.php?rest_route=%2Fwp%2Fv2%2Ftags&post=38081"}],"curies":[{"name":"wp","href":"https:\/\/api.w.org\/{rel}","templated":true}]}}