{"id":38078,"date":"2016-01-06T15:51:50","date_gmt":"2016-01-06T14:51:50","guid":{"rendered":"http:\/\/2horizontes.com\/?p=38078"},"modified":"2016-01-06T15:51:50","modified_gmt":"2016-01-06T14:51:50","slug":"el-papa-dice-que-los-reyes-magos-ensenan-a-no-conformarse-con-la-mediocridad","status":"publish","type":"post","link":"https:\/\/2horizontes.com\/?p=38078","title":{"rendered":"El papa dice que los Reyes Magos ense\u00f1an a no conformarse con la mediocridad"},"content":{"rendered":"<div id=\"ArticleAuthorDiv\" class=\"article-body-author\"><b>EFE<\/b><\/div>\n<div id=\"ArticleSourceDiv\" class=\"article-body-author\"><b>Ciudad del Vaticano<\/b><\/div>\n<div id=\"ArticleBody\">\n<p>El papa Francisco afirm\u00f3 hoy durante el \u00c1ngelus por la fiesta de la Epifan\u00eda que la experiencia de los tres Reyes Magos \u00abexhorta a no conformarnos con la mediocridad\u00bb y a \u00abbuscar el sentido de las cosas\u00bb.<\/p>\n<p>\u00abLa experiencia de los Magos nos exhorta a no conformarnos con la mediocridad, a no vivir tirando del mejor modo, sino a buscar el sentido de las cosas, a escrutar con pasi\u00f3n el gran misterio de la vida\u00bb, se\u00f1al\u00f3 Bergoglio desde la ventana del apartamento apost\u00f3lico.<\/p>\n<p>Y a\u00f1adi\u00f3: \u00abNos ense\u00f1a a no escandalizarnos ante lo min\u00fasculo y lo pobre, sino a reconocer la majestad en la humildad, a saber arrodillarnos ante ella\u00bb.<\/p>\n<p>Francisco se\u00f1al\u00f3 que los Reyes Magos eran \u00abhombres prestigiosos, de regiones lejanas y culturas diferentes que emprendieron el camino hacia la tierra de Israel para adorar al rey nacido\u00bb.<\/p>\n<p>\u00abLa Iglesia siempre ha visto en ellos la imagen de la humanidad entera y con la celebraci\u00f3n de la Epifan\u00eda quiere casi guiar respetuosamente a cada hombre y a cada mujer de este mundo hacia el Ni\u00f1o, que naci\u00f3 para salvar a todos\u00bb, explic\u00f3.<\/p>\n<p>El pont\u00edfice refiri\u00f3 que el nacimiento de Cristo atrajo a los pastores, \u00abhombres humildes y despreciados\u00bb que acudieron en primer lugar al pesebre, y a los reyes, todos ellos unidos por \u00abun aspecto com\u00fan: el cielo\u00bb.<\/p>\n<p>\u00abLos pastores y los Magos nos ense\u00f1an que para hallar a Jes\u00fas es necesario levantar la mirada hacia el cielo, no estar encerrados en nosotros mismos sino tener el coraz\u00f3n y la mente abiertos al horizonte de Dios\u00bb, consider\u00f3.<\/p>\n<p>En la plaza de San Pedro le escuchaban cientos de fieles y turistas que participaron en la tradicional cabalgata de los Reyes Magos, que tuvo lugar en la v\u00eda della Conciliazione, que une Roma con el Vaticano.<\/p>\n<\/div>\n","protected":false},"excerpt":{"rendered":"<p>EFE Ciudad del Vaticano El papa Francisco afirm\u00f3 hoy durante el \u00c1ngelus por la fiesta de la Epifan\u00eda que la experiencia de los tres Reyes Magos \u00abexhorta a no conformarnos con la mediocridad\u00bb y a \u00abbuscar el sentido de las cosas\u00bb. \u00abLa experiencia de los Magos nos exhorta a no conformarnos con la mediocridad, a [&hellip;]<\/p>\n","protected":false},"author":7,"featured_media":38079,"comment_status":"open","ping_status":"open","sticky":false,"template":"","format":"standard","meta":{"footnotes":""},"categories":[40],"tags":[],"class_list":["post-38078","post","type-post","status-publish","format-standard","has-post-thumbnail","hentry","category-internacionales"],"_links":{"self":[{"href":"https:\/\/2horizontes.com\/index.php?rest_route=\/wp\/v2\/posts\/38078","targetHints":{"allow":["GET"]}}],"collection":[{"href":"https:\/\/2horizontes.com\/index.php?rest_route=\/wp\/v2\/posts"}],"about":[{"href":"https:\/\/2horizontes.com\/index.php?rest_route=\/wp\/v2\/types\/post"}],"author":[{"embeddable":true,"href":"https:\/\/2horizontes.com\/index.php?rest_route=\/wp\/v2\/users\/7"}],"replies":[{"embeddable":true,"href":"https:\/\/2horizontes.com\/index.php?rest_route=%2Fwp%2Fv2%2Fcomments&post=38078"}],"version-history":[{"count":1,"href":"https:\/\/2horizontes.com\/index.php?rest_route=\/wp\/v2\/posts\/38078\/revisions"}],"predecessor-version":[{"id":38080,"href":"https:\/\/2horizontes.com\/index.php?rest_route=\/wp\/v2\/posts\/38078\/revisions\/38080"}],"wp:featuredmedia":[{"embeddable":true,"href":"https:\/\/2horizontes.com\/index.php?rest_route=\/wp\/v2\/media\/38079"}],"wp:attachment":[{"href":"https:\/\/2horizontes.com\/index.php?rest_route=%2Fwp%2Fv2%2Fmedia&parent=38078"}],"wp:term":[{"taxonomy":"category","embeddable":true,"href":"https:\/\/2horizontes.com\/index.php?rest_route=%2Fwp%2Fv2%2Fcategories&post=38078"},{"taxonomy":"post_tag","embeddable":true,"href":"https:\/\/2horizontes.com\/index.php?rest_route=%2Fwp%2Fv2%2Ftags&post=38078"}],"curies":[{"name":"wp","href":"https:\/\/api.w.org\/{rel}","templated":true}]}}