{"id":38028,"date":"2016-01-05T20:24:43","date_gmt":"2016-01-05T19:24:43","guid":{"rendered":"http:\/\/2horizontes.com\/?p=38028"},"modified":"2016-01-05T20:24:43","modified_gmt":"2016-01-05T19:24:43","slug":"rafa-benitez-ha-sido-un-honor-ocupar-este-cargo","status":"publish","type":"post","link":"https:\/\/2horizontes.com\/?p=38028","title":{"rendered":"Rafa Ben\u00edtez: \u00abHa sido un honor ocupar este cargo"},"content":{"rendered":"<p>Rafa Ben\u00edtez, ex entrenador del Real Madrid, ha querido despedirse del que hasta este lunes ha sido su equipo con una carta publicada en su p\u00e1gina web. El madrile\u00f1o ha afirmado este martes que \u00abha sido un honor ocupar este cargo\u00bb y dese\u00f3 suerte a su sucesor Zinedine Zidane al frente del equipo.<\/p>\n<p>Llegados a esta coyuntura, y en la hora del adi\u00f3s a mi etapa como entrenador de la primera plantilla del Real Madrid, me gustar\u00eda que esta nota sirviese para despedirme de todos los estamentos del club de forma breve y concisa.<\/p>\n<p>Aunque se me agolpan sentimientos y vivencias, quiero que todos los que forman esa entidad, desde su junta directiva al \u00faltimo de sus aficionados, pasando por dirigentes, trabajadores, seguidores y simpatizantes, sepan que para m\u00ed ha sido un honor ocupar ese cargo en el club que me vio crecer como futbolista, como persona y como entrenador de las categor\u00edas inferiores hasta llegar al primer equipo\u00bb, apunta Ben\u00edtez en su web.<\/p>\n<p>\u00abComo madridista, madrile\u00f1o y deportista formado en los valores y prioridades de esta instituci\u00f3n, que me ense\u00f1aron en la antigua &#8216;Ciudad Deportiva de la Castellana&#8217;, me he sentido honrado con la oportunidad que he tenido de trabajar por estos &#8216;colores'\u00bb, dice el t\u00e9cnico.<\/p>\n","protected":false},"excerpt":{"rendered":"<p>Rafa Ben\u00edtez, ex entrenador del Real Madrid, ha querido despedirse del que hasta este lunes ha sido su equipo con una carta publicada en su p\u00e1gina web. El madrile\u00f1o ha afirmado este martes que \u00abha sido un honor ocupar este cargo\u00bb y dese\u00f3 suerte a su sucesor Zinedine Zidane al frente del equipo. Llegados a [&hellip;]<\/p>\n","protected":false},"author":3,"featured_media":38029,"comment_status":"open","ping_status":"open","sticky":false,"template":"","format":"standard","meta":{"footnotes":""},"categories":[42],"tags":[],"class_list":["post-38028","post","type-post","status-publish","format-standard","has-post-thumbnail","hentry","category-deportes"],"_links":{"self":[{"href":"https:\/\/2horizontes.com\/index.php?rest_route=\/wp\/v2\/posts\/38028","targetHints":{"allow":["GET"]}}],"collection":[{"href":"https:\/\/2horizontes.com\/index.php?rest_route=\/wp\/v2\/posts"}],"about":[{"href":"https:\/\/2horizontes.com\/index.php?rest_route=\/wp\/v2\/types\/post"}],"author":[{"embeddable":true,"href":"https:\/\/2horizontes.com\/index.php?rest_route=\/wp\/v2\/users\/3"}],"replies":[{"embeddable":true,"href":"https:\/\/2horizontes.com\/index.php?rest_route=%2Fwp%2Fv2%2Fcomments&post=38028"}],"version-history":[{"count":1,"href":"https:\/\/2horizontes.com\/index.php?rest_route=\/wp\/v2\/posts\/38028\/revisions"}],"predecessor-version":[{"id":38030,"href":"https:\/\/2horizontes.com\/index.php?rest_route=\/wp\/v2\/posts\/38028\/revisions\/38030"}],"wp:featuredmedia":[{"embeddable":true,"href":"https:\/\/2horizontes.com\/index.php?rest_route=\/wp\/v2\/media\/38029"}],"wp:attachment":[{"href":"https:\/\/2horizontes.com\/index.php?rest_route=%2Fwp%2Fv2%2Fmedia&parent=38028"}],"wp:term":[{"taxonomy":"category","embeddable":true,"href":"https:\/\/2horizontes.com\/index.php?rest_route=%2Fwp%2Fv2%2Fcategories&post=38028"},{"taxonomy":"post_tag","embeddable":true,"href":"https:\/\/2horizontes.com\/index.php?rest_route=%2Fwp%2Fv2%2Ftags&post=38028"}],"curies":[{"name":"wp","href":"https:\/\/api.w.org\/{rel}","templated":true}]}}