{"id":38023,"date":"2016-01-05T20:21:20","date_gmt":"2016-01-05T19:21:20","guid":{"rendered":"http:\/\/2horizontes.com\/?p=38023"},"modified":"2016-01-05T20:21:20","modified_gmt":"2016-01-05T19:21:20","slug":"bajo-observacion-primeros-casos-de-h1n1-en-guyana","status":"publish","type":"post","link":"https:\/\/2horizontes.com\/?p=38023","title":{"rendered":"Bajo observaci\u00f3n primeros casos de H1N1 en Guyana"},"content":{"rendered":"<p>El Ministerio de Salud de Guyana mantiene bajo observaci\u00f3n a la familia y equipo m\u00e9dico que atendi\u00f3 a la primera persona infectada con el virus H1N1, mejor conocido como gripe porcina o gripe aviar, detectada en el pa\u00eds suramericano, informaron hoy fuentes oficiales.<\/p>\n<p>En un comunicado del ministerio se detalla que el paciente viaj\u00f3 a China recientemente y que en el vuelo de regreso no present\u00f3 s\u00edntomas del virus.<\/p>\n<p>Esto significar\u00eda que el paciente fue infectado por otra persona que ya presentaba los s\u00edntomas\u00bb, dijo el director m\u00e9dico del ministerio, Shamdeo Persaud.<\/p>\n<p>La Agencia de Salud P\u00fablica del Caribe (Carpha, por su sigla en ingl\u00e9s) se encarg\u00f3 de realizar las primeras pruebas de confirmaci\u00f3n de diagn\u00f3stico al paciente, cuyo nombre no fue difundido y quien fue trasladado a otro pa\u00eds, no identificado, para recibir tratamiento.<\/p>\n<p>Seg\u00fan detall\u00f3 el ministerio, Guyana ha reforzado su sistema de seguridad en las principales fronteras del pa\u00eds para evitar nuevos contagios.<\/p>\n<p>Adem\u00e1s, recomend\u00f3 a la poblaci\u00f3n, de unos 770.000 habitantes, \u00ababstenerse de viajar a pa\u00edses donde el virus del H1N1 est\u00e9 presente, a menos de que sea muy necesario\u00bb.<\/p>\n<p>Los s\u00edntomas de la gripe porcina, un tipo de la tradicional cepa H1N1 (influenza estacional) que mut\u00f3 de los cerdos a los humanos, son fiebre superior a 39 grados, que se presenta de manera repentina, tos, dolor de cabeza intenso, dolores musculares y de articulaciones, irritaci\u00f3n de los ojos y flujo nasal.<\/p>\n","protected":false},"excerpt":{"rendered":"<p>El Ministerio de Salud de Guyana mantiene bajo observaci\u00f3n a la familia y equipo m\u00e9dico que atendi\u00f3 a la primera persona infectada con el virus H1N1, mejor conocido como gripe porcina o gripe aviar, detectada en el pa\u00eds suramericano, informaron hoy fuentes oficiales. En un comunicado del ministerio se detalla que el paciente viaj\u00f3 a [&hellip;]<\/p>\n","protected":false},"author":3,"featured_media":38026,"comment_status":"open","ping_status":"open","sticky":false,"template":"","format":"standard","meta":{"footnotes":""},"categories":[40,45],"tags":[],"class_list":["post-38023","post","type-post","status-publish","format-standard","has-post-thumbnail","hentry","category-internacionales","category-salud"],"_links":{"self":[{"href":"https:\/\/2horizontes.com\/index.php?rest_route=\/wp\/v2\/posts\/38023","targetHints":{"allow":["GET"]}}],"collection":[{"href":"https:\/\/2horizontes.com\/index.php?rest_route=\/wp\/v2\/posts"}],"about":[{"href":"https:\/\/2horizontes.com\/index.php?rest_route=\/wp\/v2\/types\/post"}],"author":[{"embeddable":true,"href":"https:\/\/2horizontes.com\/index.php?rest_route=\/wp\/v2\/users\/3"}],"replies":[{"embeddable":true,"href":"https:\/\/2horizontes.com\/index.php?rest_route=%2Fwp%2Fv2%2Fcomments&post=38023"}],"version-history":[{"count":1,"href":"https:\/\/2horizontes.com\/index.php?rest_route=\/wp\/v2\/posts\/38023\/revisions"}],"predecessor-version":[{"id":38027,"href":"https:\/\/2horizontes.com\/index.php?rest_route=\/wp\/v2\/posts\/38023\/revisions\/38027"}],"wp:featuredmedia":[{"embeddable":true,"href":"https:\/\/2horizontes.com\/index.php?rest_route=\/wp\/v2\/media\/38026"}],"wp:attachment":[{"href":"https:\/\/2horizontes.com\/index.php?rest_route=%2Fwp%2Fv2%2Fmedia&parent=38023"}],"wp:term":[{"taxonomy":"category","embeddable":true,"href":"https:\/\/2horizontes.com\/index.php?rest_route=%2Fwp%2Fv2%2Fcategories&post=38023"},{"taxonomy":"post_tag","embeddable":true,"href":"https:\/\/2horizontes.com\/index.php?rest_route=%2Fwp%2Fv2%2Ftags&post=38023"}],"curies":[{"name":"wp","href":"https:\/\/api.w.org\/{rel}","templated":true}]}}