{"id":38013,"date":"2016-01-05T19:49:03","date_gmt":"2016-01-05T18:49:03","guid":{"rendered":"http:\/\/2horizontes.com\/?p=38013"},"modified":"2016-01-05T19:49:03","modified_gmt":"2016-01-05T18:49:03","slug":"una-rumana-de-43-anos-primera-muerte-por-violencia-machista-en-madrid-en-2016","status":"publish","type":"post","link":"https:\/\/2horizontes.com\/?p=38013","title":{"rendered":"Una rumana de 43 a\u00f1os, primera muerte por violencia machista en Madrid en 2016"},"content":{"rendered":"<p>La alcaldesa de Madrid, Manuela Carmena, ha se\u00f1alado este martes que cree que la situaci\u00f3n es \u00ababsolutamente dolorosa\u00bb tras conocerse un nuevo caso por violencia de g\u00e9nero en Hortaleza puesto que \u00abya hay dos mujeres muertas en este 2016 que se acaba de estrenar\u00bb.<\/p>\n<p>Carmena ha explicado que ante esta \u00absituaci\u00f3n absolutamente dolorosa\u00bb se ha celebrado este martes un minuto de silencio a las puertas del Ayuntamiento de Madrid, un gesto que se ha repetido en todas las dependencias municipales.<\/p>\n<p>Con motivo del D\u00eda Internacional de la Eliminaci\u00f3n de la Violencia contra la Mujer, el Pleno aprob\u00f3 una declaraci\u00f3n institucional que inclu\u00eda convocar de tres d\u00edas de luto oficial por cada v\u00edctima de un crimen de violencia de g\u00e9nero que se produzca en la ciudad.<\/p>\n<p>Por ello, Manuela Carmena, ha se\u00f1alado que \u00abel minuto de silencio tambi\u00e9n se debe al duelo que se estableci\u00f3 en el acuerdo de Pleno\u00bb.<\/p>\n<p>La Polic\u00eda Nacional detuvo ayer lunes a un hombre en el distrito de Hortaleza que confes\u00f3 en comisar\u00eda que cre\u00eda haber hecho \u00abalgo malo\u00bb a su mujer, quien fue encontrada muerta en el domicilio que compart\u00edan en la calle Mota del Cuervo.<\/p>\n<p>Se trata de una mujer de 43 a\u00f1os y nacionalidad rumana. El supuesto autor de la agresi\u00f3n, un hombre de 41 a\u00f1os y de origen albanokosovar, se ha presentado en la comisar\u00eda y tras confesar el crimen ha sido detenido.<\/p>\n<p>La v\u00edctima interpuso hace varios a\u00f1os una denuncia por malos tratos contra su pareja, aunque en la actualidad no ten\u00eda orden de alejamiento.<\/p>\n<p>Sobre las 18.15 el supuesto agresor se ha presentado en la comisar\u00eda de Hortaleza y ha declarado que hab\u00eda hecho \u00abalgo malo\u00bb a su mujer.<\/p>\n<p>Tras la confesi\u00f3n agentes de la Polic\u00eda Nacional y el hombre se han trasladado a la vivienda de la pareja, en el n\u00famero 76 de la calle Mota del Cuervo.<\/p>\n<p>Una vez en el interior del domicilio, la polic\u00eda ha hallado el cad\u00e1ver de una mujer tendido sobre la cama y ha apreciado que la v\u00edctima presentaba marcas de estrangulamiento en el cuello.<\/p>\n<p>Los sanitarios del Samur-Protecci\u00f3n Civil solo han podido confirmar el fallecimiento de la mujer.<\/p>\n<p>El a\u00f1o pasado murieron en Espa\u00f1a 56 mujeres a manos de su pareja o expareja, de las cuales cuatro fueron en la Comunidad de Madrid, tres menos que en 2014.<\/p>\n","protected":false},"excerpt":{"rendered":"<p>La alcaldesa de Madrid, Manuela Carmena, ha se\u00f1alado este martes que cree que la situaci\u00f3n es \u00ababsolutamente dolorosa\u00bb tras conocerse un nuevo caso por violencia de g\u00e9nero en Hortaleza puesto que \u00abya hay dos mujeres muertas en este 2016 que se acaba de estrenar\u00bb. Carmena ha explicado que ante esta \u00absituaci\u00f3n absolutamente dolorosa\u00bb se ha [&hellip;]<\/p>\n","protected":false},"author":3,"featured_media":38014,"comment_status":"open","ping_status":"open","sticky":false,"template":"","format":"standard","meta":{"footnotes":""},"categories":[85],"tags":[],"class_list":["post-38013","post","type-post","status-publish","format-standard","has-post-thumbnail","hentry","category-espana"],"_links":{"self":[{"href":"https:\/\/2horizontes.com\/index.php?rest_route=\/wp\/v2\/posts\/38013","targetHints":{"allow":["GET"]}}],"collection":[{"href":"https:\/\/2horizontes.com\/index.php?rest_route=\/wp\/v2\/posts"}],"about":[{"href":"https:\/\/2horizontes.com\/index.php?rest_route=\/wp\/v2\/types\/post"}],"author":[{"embeddable":true,"href":"https:\/\/2horizontes.com\/index.php?rest_route=\/wp\/v2\/users\/3"}],"replies":[{"embeddable":true,"href":"https:\/\/2horizontes.com\/index.php?rest_route=%2Fwp%2Fv2%2Fcomments&post=38013"}],"version-history":[{"count":1,"href":"https:\/\/2horizontes.com\/index.php?rest_route=\/wp\/v2\/posts\/38013\/revisions"}],"predecessor-version":[{"id":38015,"href":"https:\/\/2horizontes.com\/index.php?rest_route=\/wp\/v2\/posts\/38013\/revisions\/38015"}],"wp:featuredmedia":[{"embeddable":true,"href":"https:\/\/2horizontes.com\/index.php?rest_route=\/wp\/v2\/media\/38014"}],"wp:attachment":[{"href":"https:\/\/2horizontes.com\/index.php?rest_route=%2Fwp%2Fv2%2Fmedia&parent=38013"}],"wp:term":[{"taxonomy":"category","embeddable":true,"href":"https:\/\/2horizontes.com\/index.php?rest_route=%2Fwp%2Fv2%2Fcategories&post=38013"},{"taxonomy":"post_tag","embeddable":true,"href":"https:\/\/2horizontes.com\/index.php?rest_route=%2Fwp%2Fv2%2Ftags&post=38013"}],"curies":[{"name":"wp","href":"https:\/\/api.w.org\/{rel}","templated":true}]}}