{"id":37938,"date":"2016-01-05T14:01:40","date_gmt":"2016-01-05T13:01:40","guid":{"rendered":"http:\/\/2horizontes.com\/?p=37938"},"modified":"2016-01-05T14:02:30","modified_gmt":"2016-01-05T13:02:30","slug":"denuncian-a-macri-por-nombrar-a-dos-miembros-de-la-corte-suprema-por-decreto","status":"publish","type":"post","link":"https:\/\/2horizontes.com\/?p=37938","title":{"rendered":"Denuncian al presidente de argentina por nombrar miembros de la Corte Suprema por decreto"},"content":{"rendered":"<div id=\"ArticleAuthorDiv\" class=\"article-body-author\"><b>EFE<\/b><\/div>\n<div id=\"ArticleSourceDiv\" class=\"article-body-author\"><b>Buenos Aires, Argentina<\/b><\/div>\n<div id=\"ArticleBody\">\n<p>El nombramiento v\u00eda decreto de dos jueces de la Corte Suprema argentina volvi\u00f3 a ser objeto de pol\u00e9mica despu\u00e9s de conocerse que dos abogados presentaron una denuncia contra el presidente argentino, Mauricio Macri, en la que lo acusan de un delito de \u00ababuso de autoridad\u00bb por la designaci\u00f3n.<\/p>\n<p>Seg\u00fan inform\u00f3 el diario P\u00e1gina\/12, los letrados Pablo Llonto y Eduardo Tavani consideran en su denuncia que el procedimiento usado por Macri para el nombramiento de Carlos Rosentkrantz y Horacio Rosatti como integrantes del m\u00e1ximo tribunal argentino es \u00abilegal y manifiestamente violatorio\u00bb de la Constituci\u00f3n.<\/p>\n<p>El pasado 14 de diciembre, el presidente argentino se acogi\u00f3 al art\u00edculo 19 de la Carta Magna para cubrir dos vacantes de la Corte de forma provisional, evitando el tr\u00e1mite que obliga a que los cargos sean ratificados por al menos dos tercios del Senado, tal y como dicta el procedimiento convencional para este tipo de nombramientos.<\/p>\n<p>Seg\u00fan defendi\u00f3 entonces el Ejecutivo, la Constituci\u00f3n contempla este mecanismo para designar trabajadores p\u00fablicos cuando la C\u00e1mara Alta se encuentra en periodo vacacional, sin embargo, el escrito de los abogados argumentan que ese art\u00edculo no incluir\u00eda a cargos de la magistratura sino exclusivamente los vinculados al Poder Ejecutivo.<\/p>\n<p>El escrito, avalado por la exjueza Lucila Larrandart, directora del departamento de Derecho Penal de la Universidad de Buenos Aires, insiste en que los nombramientos contrar\u00edan lo \u00abconstitucionalmente debido y obligatorio\u00bb, y extiende la responsabilidad al jefe de Gabinete, Marcos Pe\u00f1a, y al ministro de Justicia, Germ\u00e1n Garavano.<\/p>\n<p>Tavani y Llonto recuerdan en su presentaci\u00f3n que el mismo art\u00edculo invocado por el Ejecutivo incluye, en uno de sus incisos, que los jueces supremos se deben designar con \u00abacuerdo del Senado por dos tercios de sus miembros presentes en sesi\u00f3n p\u00fablica\u00bb.<\/p>\n<p>Otro de los argumentos esgrimidos por Macri y Pe\u00f1a para justificar el procedimiento fue el criterio de \u00aburgencia\u00bb, una explicaci\u00f3n que para los letrados carece de valor, pues las designaciones se produjeron cuatro d\u00edas despu\u00e9s la asunci\u00f3n del nuevo Gobierno.<\/p>\n<p>En este sentido, recuerdan que la oposici\u00f3n se neg\u00f3 \u00abde modo sistem\u00e1tico\u00bb a que la expresidenta Cristina Fern\u00e1ndez cubriese una de las sillas del tribunal, vacante desde que el pasado 31 de diciembre de 2014 abandonase su cargo el magistrado Ra\u00fal Zaffaroni.<\/p>\n<p>Por otro lado, mencionan que para un caso de urgencia, el sistema legal argentino contempla dos mecanismos: la designaci\u00f3n de jueces subrrogantes (temporales) o el nombramiento de conjueces (cargos suplentes para intervenir en una materia espec\u00edfica).<\/p>\n<p>La denuncia recay\u00f3 en el juez Juzgado Criminal y Correccional Federal N\u00ba 3 de Capital Federal, a cargo de Daniel Rafecas.<\/p>\n<\/div>\n","protected":false},"excerpt":{"rendered":"<p>EFE Buenos Aires, Argentina El nombramiento v\u00eda decreto de dos jueces de la Corte Suprema argentina volvi\u00f3 a ser objeto de pol\u00e9mica despu\u00e9s de conocerse que dos abogados presentaron una denuncia contra el presidente argentino, Mauricio Macri, en la que lo acusan de un delito de \u00ababuso de autoridad\u00bb por la designaci\u00f3n. Seg\u00fan inform\u00f3 el [&hellip;]<\/p>\n","protected":false},"author":7,"featured_media":37939,"comment_status":"open","ping_status":"open","sticky":false,"template":"","format":"standard","meta":{"footnotes":""},"categories":[40,43],"tags":[],"class_list":["post-37938","post","type-post","status-publish","format-standard","has-post-thumbnail","hentry","category-internacionales","category-politica"],"_links":{"self":[{"href":"https:\/\/2horizontes.com\/index.php?rest_route=\/wp\/v2\/posts\/37938","targetHints":{"allow":["GET"]}}],"collection":[{"href":"https:\/\/2horizontes.com\/index.php?rest_route=\/wp\/v2\/posts"}],"about":[{"href":"https:\/\/2horizontes.com\/index.php?rest_route=\/wp\/v2\/types\/post"}],"author":[{"embeddable":true,"href":"https:\/\/2horizontes.com\/index.php?rest_route=\/wp\/v2\/users\/7"}],"replies":[{"embeddable":true,"href":"https:\/\/2horizontes.com\/index.php?rest_route=%2Fwp%2Fv2%2Fcomments&post=37938"}],"version-history":[{"count":3,"href":"https:\/\/2horizontes.com\/index.php?rest_route=\/wp\/v2\/posts\/37938\/revisions"}],"predecessor-version":[{"id":37942,"href":"https:\/\/2horizontes.com\/index.php?rest_route=\/wp\/v2\/posts\/37938\/revisions\/37942"}],"wp:featuredmedia":[{"embeddable":true,"href":"https:\/\/2horizontes.com\/index.php?rest_route=\/wp\/v2\/media\/37939"}],"wp:attachment":[{"href":"https:\/\/2horizontes.com\/index.php?rest_route=%2Fwp%2Fv2%2Fmedia&parent=37938"}],"wp:term":[{"taxonomy":"category","embeddable":true,"href":"https:\/\/2horizontes.com\/index.php?rest_route=%2Fwp%2Fv2%2Fcategories&post=37938"},{"taxonomy":"post_tag","embeddable":true,"href":"https:\/\/2horizontes.com\/index.php?rest_route=%2Fwp%2Fv2%2Ftags&post=37938"}],"curies":[{"name":"wp","href":"https:\/\/api.w.org\/{rel}","templated":true}]}}