{"id":3792,"date":"2015-03-29T23:01:54","date_gmt":"2015-03-29T23:01:54","guid":{"rendered":"http:\/\/2horizontes.com\/?p=3792"},"modified":"2015-03-29T23:01:54","modified_gmt":"2015-03-29T23:01:54","slug":"el-fotografo-del-ebola-en-el-ivam","status":"publish","type":"post","link":"https:\/\/2horizontes.com\/?p=3792","title":{"rendered":"El fot\u00f3grafo del \u00e9bola, en el IVAM"},"content":{"rendered":"<p>El festival Photon inaugura su quinta edici\u00f3n con una exposici\u00f3n del fotorreportero australiano Daniel Berehulak<\/p>\n<p><a href=\"http:\/\/2horizontes.com\/wp-content\/uploads\/2015\/03\/np.jpg\"><img loading=\"lazy\" decoding=\"async\" src=\"http:\/\/2horizontes.com\/wp-content\/uploads\/2015\/03\/np-300x177.jpg\" alt=\"np\" width=\"300\" height=\"177\" class=\"alignleft size-medium wp-image-3793\" srcset=\"https:\/\/2horizontes.com\/wp-content\/uploads\/2015\/03\/np-300x177.jpg 300w, https:\/\/2horizontes.com\/wp-content\/uploads\/2015\/03\/np-510x302.jpg 510w, https:\/\/2horizontes.com\/wp-content\/uploads\/2015\/03\/np.jpg 560w\" sizes=\"auto, (max-width: 300px) 100vw, 300px\" \/><\/a><\/p>\n<p>El fotoperiodista australiano Daniel Berehulak  aterriz\u00f3 en Monrovia el 22 de agosto de 2014. Fue durante tres meses \u00abtestigo de lo peor del virus\u00bb, contaba el fot\u00f3grafo: \u00abArrebatando la vida de muchos, sin importar su edad, dividiendo comunidades, destrozando hogares, disolviendo sue\u00f1os y colapsando un todav\u00eda fr\u00e1gil sistema sanitario\u00bb. Para conocer de primera mano los cuidados que se dispensa a las personas afectadas, se introdujo con un periodista \u00abdurante tres semanas en un centro de tratamiento contra el \u00e9bola en la Liberia rural\u201d.<\/p>\n<p>El resultado es una panor\u00e1mica de la epidemia que a partir de este s\u00e1bado puede contemplarse en el Institut Valenci\u00e0 d&#8217;Art Modern (IVAM) y a la que cada cual puede ponerle el calificativo emocional que quiera. Ser\u00e1 siempre intenso, nunca indiferente. Retratos en blanco y negro de los trabajadores sanitarios que arriesgaron sus vidas para salvar las de otros; im\u00e1genes en color que explican las dificultades cotidianas en medio de la devastaci\u00f3n, fotograf\u00edas de entornos rurales y urbanos que sit\u00faan al espectador en espacios que ha sido escenario de la muerte de m\u00e1s de 10.000 personas.<\/p>\n<p>Cuando se cumple el primer aniversario de la declaraci\u00f3n oficial de la epidemia de \u00e9bola en \u00c1frica occidental (23 de marzo de 2014), la exposici\u00f3n de este trabajo llega por primera vez a Espa\u00f1a de la mano del festival Photon, tras tras haber pasado por Nueva York. Permanecer\u00e1 abierta del 28 de marzo al 24 de mayo en el IVAM. Daniel Berehulak ha sido premiado internacionalmente por su trabajo en Liberia, segundo pa\u00eds del mundo m\u00e1s afectado por la enfermedad.<\/p>\n<p>Para apreciar en toda su dimensi\u00f3n la exposici\u00f3n conviene ponerse, aunque sea imaginariamente, en la piel del fotorreportero. \u201cAntes de llegar a Liberia compr\u00e9 un equipo de protecci\u00f3n que inclu\u00eda 300 pares de guantes, 35 trajes PPE completos, botas de goma, cubrebotas, gafas de seguridad, m\u00e1scaras quir\u00fargicas antivirus, precinto para aislar cualquier ranura entre la ropa y para pegar los tres pares de guantes que ten\u00eda que llevar\u201d, recuerda. <\/p>\n<p>\u201cCuando trabajaba en las ambulancias o en los equipos de enterramiento, me vest\u00eda con todo el equipo de seguridad y, al desvestirme, era descontaminado con el resto de miembros del equipo sanitario\u201d, precisa Berehulak en un memor\u00e1ndum de las precauciones que conllevan el periodismo de riesgo si se quiere vivir para contarlo.<\/p>\n<p>Con \u00c9bola, PhotOn Festival abre su quinto aniversario, en \u00abuna apuesta firme\u00bb, subraya la organizaci\u00f3n, \u00abpor mostrar el trabajo de fotoperiodistas que trabajan en profundidad temas de la actualidad internacional\u00bb. La presentaci\u00f3n de \u00c9bola inaugura la edici\u00f3n 2015 que continuar\u00e1 en la semana de actividades del mes de mayo.<\/p>\n","protected":false},"excerpt":{"rendered":"<p>El festival Photon inaugura su quinta edici\u00f3n con una exposici\u00f3n del fotorreportero australiano Daniel Berehulak El fotoperiodista australiano Daniel Berehulak aterriz\u00f3 en Monrovia el 22 de agosto de 2014. Fue durante tres meses \u00abtestigo de lo peor del virus\u00bb, contaba el fot\u00f3grafo: \u00abArrebatando la vida de muchos, sin importar su edad, dividiendo comunidades, destrozando hogares, [&hellip;]<\/p>\n","protected":false},"author":1,"featured_media":0,"comment_status":"open","ping_status":"open","sticky":false,"template":"","format":"standard","meta":{"footnotes":""},"categories":[1],"tags":[],"class_list":["post-3792","post","type-post","status-publish","format-standard","hentry","category-entretenimiento"],"_links":{"self":[{"href":"https:\/\/2horizontes.com\/index.php?rest_route=\/wp\/v2\/posts\/3792","targetHints":{"allow":["GET"]}}],"collection":[{"href":"https:\/\/2horizontes.com\/index.php?rest_route=\/wp\/v2\/posts"}],"about":[{"href":"https:\/\/2horizontes.com\/index.php?rest_route=\/wp\/v2\/types\/post"}],"author":[{"embeddable":true,"href":"https:\/\/2horizontes.com\/index.php?rest_route=\/wp\/v2\/users\/1"}],"replies":[{"embeddable":true,"href":"https:\/\/2horizontes.com\/index.php?rest_route=%2Fwp%2Fv2%2Fcomments&post=3792"}],"version-history":[{"count":1,"href":"https:\/\/2horizontes.com\/index.php?rest_route=\/wp\/v2\/posts\/3792\/revisions"}],"predecessor-version":[{"id":3794,"href":"https:\/\/2horizontes.com\/index.php?rest_route=\/wp\/v2\/posts\/3792\/revisions\/3794"}],"wp:attachment":[{"href":"https:\/\/2horizontes.com\/index.php?rest_route=%2Fwp%2Fv2%2Fmedia&parent=3792"}],"wp:term":[{"taxonomy":"category","embeddable":true,"href":"https:\/\/2horizontes.com\/index.php?rest_route=%2Fwp%2Fv2%2Fcategories&post=3792"},{"taxonomy":"post_tag","embeddable":true,"href":"https:\/\/2horizontes.com\/index.php?rest_route=%2Fwp%2Fv2%2Ftags&post=3792"}],"curies":[{"name":"wp","href":"https:\/\/api.w.org\/{rel}","templated":true}]}}