{"id":3789,"date":"2015-03-29T22:05:47","date_gmt":"2015-03-29T22:05:47","guid":{"rendered":"http:\/\/2horizontes.com\/?p=3789"},"modified":"2015-03-29T22:05:47","modified_gmt":"2015-03-29T22:05:47","slug":"republica-dominicana-empiza-los-actos-regliosos-de-la-semana-santa","status":"publish","type":"post","link":"https:\/\/2horizontes.com\/?p=3789","title":{"rendered":"Rep\u00fablica Dominicana empiza  los actos regliosos de la Semana Santa"},"content":{"rendered":"<p><a href=\"http:\/\/2horizontes.com\/wp-content\/uploads\/2015\/03\/rd.jpg\"><img loading=\"lazy\" decoding=\"async\" src=\"http:\/\/2horizontes.com\/wp-content\/uploads\/2015\/03\/rd-300x189.jpg\" alt=\"rd\" width=\"300\" height=\"189\" class=\"alignleft size-medium wp-image-3790\" srcset=\"https:\/\/2horizontes.com\/wp-content\/uploads\/2015\/03\/rd-300x189.jpg 300w, https:\/\/2horizontes.com\/wp-content\/uploads\/2015\/03\/rd-320x200.jpg 320w, https:\/\/2horizontes.com\/wp-content\/uploads\/2015\/03\/rd.jpg 400w\" sizes=\"auto, (max-width: 300px) 100vw, 300px\" \/><\/a><\/p>\n<p>SANTO DOMINGO.- El cardenal Nicol\u00e1s de Jes\u00fas L\u00f3pez Rodr\u00edguez encabezar\u00e1 varias actividades de este Domingo de Ramos, para dar inicio a la Semana Santa antes de Pascua.<\/p>\n<p>Entre dichos actos figura una misa al mediod\u00eda en la Catedral y la procesi\u00f3n de las parroquias de la Zona Colonial que partir\u00e1 a las 5:00 de la tarde desde el templo Las Mercedes hasta la iglesia Santo Domingo.<\/p>\n<p>A las 9:00 de la ma\u00f1ana de este Jueves Santo, L\u00f3pez Rodr\u00edguez oficiar\u00e1 otra homilia con los curas de la Arquidi\u00f3cesis de Santo Domingo para la renovaci\u00f3n de las promesas sacerdotales y la entrega de los Santos de \u201cleos a los Arciprestes\u201d.<\/p>\n<p>Ese mismo d\u00eda, ser\u00e1 celebrada una misa conmemorativa de la Cena del Se\u00f1or, que incluir\u00e1 un lavatorio de pies, y una procesi\u00f3n y adoraci\u00f3n al monumento desde las 9:00 de la noche hasta las 12:30 de la madrugada.<\/p>\n<p>Las actividades continuar\u00e1n el Viernes Santo con otra procesi\u00f3n en la ma\u00f1ana y el Serm\u00f3n de las Siete Palabras, de 1:00 a 3:00 de la tarde, para culminar media hora despu\u00e9s con la Solemne Acci\u00f3n Lit\u00fargica en la Pasi\u00f3n y Muerte del Se\u00f1or.<\/p>\n<p>jt\/am<\/p>\n","protected":false},"excerpt":{"rendered":"<p>SANTO DOMINGO.- El cardenal Nicol\u00e1s de Jes\u00fas L\u00f3pez Rodr\u00edguez encabezar\u00e1 varias actividades de este Domingo de Ramos, para dar inicio a la Semana Santa antes de Pascua. Entre dichos actos figura una misa al mediod\u00eda en la Catedral y la procesi\u00f3n de las parroquias de la Zona Colonial que partir\u00e1 a las 5:00 de la [&hellip;]<\/p>\n","protected":false},"author":1,"featured_media":0,"comment_status":"open","ping_status":"open","sticky":false,"template":"","format":"standard","meta":{"footnotes":""},"categories":[1],"tags":[],"class_list":["post-3789","post","type-post","status-publish","format-standard","hentry","category-entretenimiento"],"_links":{"self":[{"href":"https:\/\/2horizontes.com\/index.php?rest_route=\/wp\/v2\/posts\/3789","targetHints":{"allow":["GET"]}}],"collection":[{"href":"https:\/\/2horizontes.com\/index.php?rest_route=\/wp\/v2\/posts"}],"about":[{"href":"https:\/\/2horizontes.com\/index.php?rest_route=\/wp\/v2\/types\/post"}],"author":[{"embeddable":true,"href":"https:\/\/2horizontes.com\/index.php?rest_route=\/wp\/v2\/users\/1"}],"replies":[{"embeddable":true,"href":"https:\/\/2horizontes.com\/index.php?rest_route=%2Fwp%2Fv2%2Fcomments&post=3789"}],"version-history":[{"count":1,"href":"https:\/\/2horizontes.com\/index.php?rest_route=\/wp\/v2\/posts\/3789\/revisions"}],"predecessor-version":[{"id":3791,"href":"https:\/\/2horizontes.com\/index.php?rest_route=\/wp\/v2\/posts\/3789\/revisions\/3791"}],"wp:attachment":[{"href":"https:\/\/2horizontes.com\/index.php?rest_route=%2Fwp%2Fv2%2Fmedia&parent=3789"}],"wp:term":[{"taxonomy":"category","embeddable":true,"href":"https:\/\/2horizontes.com\/index.php?rest_route=%2Fwp%2Fv2%2Fcategories&post=3789"},{"taxonomy":"post_tag","embeddable":true,"href":"https:\/\/2horizontes.com\/index.php?rest_route=%2Fwp%2Fv2%2Ftags&post=3789"}],"curies":[{"name":"wp","href":"https:\/\/api.w.org\/{rel}","templated":true}]}}