{"id":37862,"date":"2016-01-04T18:26:19","date_gmt":"2016-01-04T17:26:19","guid":{"rendered":"http:\/\/2horizontes.com\/?p=37862"},"modified":"2016-01-04T18:26:19","modified_gmt":"2016-01-04T17:26:19","slug":"domingo-jimenez-deja-ver-que-aspira-a-alcalde-de-santo-domingo-este","status":"publish","type":"post","link":"https:\/\/2horizontes.com\/?p=37862","title":{"rendered":"Domingo Jim\u00e9nez deja ver que aspira a alcalde de Santo Domingo Este"},"content":{"rendered":"<p>RD- SANTO DOMINGO-El exregidor Domingo Jim\u00e9nez se promueve como alcalde de Santo Domingo Este por el Partido de la Liberaci\u00f3n Dominicana.En su cuenta de Twitter, Jim\u00e9nez, miembro del Comit\u00e9 Central y de la corriente del expresidente Leonel Fern\u00e1ndez, escribi\u00f3 que su posicionamiento es \u201cformidable\u201d en el municipio.<\/p>\n<p>Tras la muerte del alcalde y candidato Juan de los Santos, el PLD a\u00fan no ha decidido qui\u00e9n lo sustituir\u00e1, aunque entre los nombres se baraja a Berlinesa Franco, su viuda. \u201cCu\u00e1nta raz\u00f3n tiene el presidente Medina cuando dice que el trabajo pol\u00edtico realizado no se pierde. En esta coyuntura lo estoy comprobando\u201d, sostuvo Jim\u00e9nez.<\/p>\n<p>Dijo que su mejor carta es el trabajo que ha realizado y el apoyo de miles de personas.<\/p>\n<p>P\u00fablicamente, Franklin Almeyda, miembro del Comit\u00e9 Pol\u00edtico, propuso la candidatura de Jim\u00e9nez y pidi\u00f3 a los dem\u00e1s miembros del organismo darle apoyo al exfuncionario.<\/p>\n<p>Almeyda Record\u00f3 que en una ocasi\u00f3n, Domingo Jim\u00e9nez \u201csacrific\u00f3\u201d sus proyectos para darle paso a Juan de los Santos.<\/p>\n","protected":false},"excerpt":{"rendered":"<p>RD- SANTO DOMINGO-El exregidor Domingo Jim\u00e9nez se promueve como alcalde de Santo Domingo Este por el Partido de la Liberaci\u00f3n Dominicana.En su cuenta de Twitter, Jim\u00e9nez, miembro del Comit\u00e9 Central y de la corriente del expresidente Leonel Fern\u00e1ndez, escribi\u00f3 que su posicionamiento es \u201cformidable\u201d en el municipio. Tras la muerte del alcalde y candidato Juan [&hellip;]<\/p>\n","protected":false},"author":8,"featured_media":37864,"comment_status":"open","ping_status":"open","sticky":false,"template":"","format":"standard","meta":{"footnotes":""},"categories":[43,44],"tags":[],"class_list":["post-37862","post","type-post","status-publish","format-standard","has-post-thumbnail","hentry","category-politica","category-republica-dominicana"],"_links":{"self":[{"href":"https:\/\/2horizontes.com\/index.php?rest_route=\/wp\/v2\/posts\/37862","targetHints":{"allow":["GET"]}}],"collection":[{"href":"https:\/\/2horizontes.com\/index.php?rest_route=\/wp\/v2\/posts"}],"about":[{"href":"https:\/\/2horizontes.com\/index.php?rest_route=\/wp\/v2\/types\/post"}],"author":[{"embeddable":true,"href":"https:\/\/2horizontes.com\/index.php?rest_route=\/wp\/v2\/users\/8"}],"replies":[{"embeddable":true,"href":"https:\/\/2horizontes.com\/index.php?rest_route=%2Fwp%2Fv2%2Fcomments&post=37862"}],"version-history":[{"count":1,"href":"https:\/\/2horizontes.com\/index.php?rest_route=\/wp\/v2\/posts\/37862\/revisions"}],"predecessor-version":[{"id":37865,"href":"https:\/\/2horizontes.com\/index.php?rest_route=\/wp\/v2\/posts\/37862\/revisions\/37865"}],"wp:featuredmedia":[{"embeddable":true,"href":"https:\/\/2horizontes.com\/index.php?rest_route=\/wp\/v2\/media\/37864"}],"wp:attachment":[{"href":"https:\/\/2horizontes.com\/index.php?rest_route=%2Fwp%2Fv2%2Fmedia&parent=37862"}],"wp:term":[{"taxonomy":"category","embeddable":true,"href":"https:\/\/2horizontes.com\/index.php?rest_route=%2Fwp%2Fv2%2Fcategories&post=37862"},{"taxonomy":"post_tag","embeddable":true,"href":"https:\/\/2horizontes.com\/index.php?rest_route=%2Fwp%2Fv2%2Ftags&post=37862"}],"curies":[{"name":"wp","href":"https:\/\/api.w.org\/{rel}","templated":true}]}}