{"id":37828,"date":"2016-01-04T15:35:32","date_gmt":"2016-01-04T14:35:32","guid":{"rendered":"http:\/\/2horizontes.com\/?p=37828"},"modified":"2016-01-04T15:35:32","modified_gmt":"2016-01-04T14:35:32","slug":"la-cabalgata-de-reyes-de-madrid-contara-con-33-carrozas-dj-y-peloton-de-bicis","status":"publish","type":"post","link":"https:\/\/2horizontes.com\/?p=37828","title":{"rendered":"La cabalgata de Reyes de Madrid contar\u00e1 con 33 carrozas, Dj y pelot\u00f3n de bicis"},"content":{"rendered":"<p>La cabalgata de Reyes de Madrid contar\u00e1 este a\u00f1o con un total de 33 carrozas, un set de DJ con \u00abm\u00fasicas del mundo\u00bb que protagonizar\u00e1 la carroza del Ayuntamiento y \u00abun pelot\u00f3n\u00bb de 300 personas en bicicleta que abrir\u00e1n el desfile, seguidos por los &#8216;Suaveciclos&#8217;, dos triciclos que proyectar\u00e1n im\u00e1genes sobre las fachadas, los \u00e1rboles y el p\u00fablico, seg\u00fan ha informado el Consistorio en un comunicado.<\/p>\n<p>A las dos primeras posiciones se sumar\u00e1n numerosas carrozas inspiradas en los cinco continentes centradas en Asia: India, China, Am\u00e9rica (Per\u00fa, Brasil y Ecuador), Artico y Africa (Mandjani y mundo \u00e1rabe). Europa est\u00e1 representada en la comitiva del Rey Melchor inspirada en la \u00abastronom\u00eda y precedida por el mundo gal\u00e1ctico del espacio exterior\u00bb.<\/p>\n<p>Este a\u00f1o el tema central de la cabalgata ser\u00e1 el &#8216;Viaje&#8217; de los Tres Reyes Magos, \u00abdesde tierras lejanas hasta Madrid, creando para la ocasi\u00f3n un espacio estrellado y m\u00e1gico\u00bb, detalla el Consistorio. Adem\u00e1s, como novedad, los regalos que traer\u00e1n los Reyes Magos no llegar\u00e1n en camellos sino en triciclos.<\/p>\n","protected":false},"excerpt":{"rendered":"<p>La cabalgata de Reyes de Madrid contar\u00e1 este a\u00f1o con un total de 33 carrozas, un set de DJ con \u00abm\u00fasicas del mundo\u00bb que protagonizar\u00e1 la carroza del Ayuntamiento y \u00abun pelot\u00f3n\u00bb de 300 personas en bicicleta que abrir\u00e1n el desfile, seguidos por los &#8216;Suaveciclos&#8217;, dos triciclos que proyectar\u00e1n im\u00e1genes sobre las fachadas, los \u00e1rboles [&hellip;]<\/p>\n","protected":false},"author":3,"featured_media":37829,"comment_status":"open","ping_status":"open","sticky":false,"template":"","format":"standard","meta":{"footnotes":""},"categories":[1,85],"tags":[],"class_list":["post-37828","post","type-post","status-publish","format-standard","has-post-thumbnail","hentry","category-entretenimiento","category-espana"],"_links":{"self":[{"href":"https:\/\/2horizontes.com\/index.php?rest_route=\/wp\/v2\/posts\/37828","targetHints":{"allow":["GET"]}}],"collection":[{"href":"https:\/\/2horizontes.com\/index.php?rest_route=\/wp\/v2\/posts"}],"about":[{"href":"https:\/\/2horizontes.com\/index.php?rest_route=\/wp\/v2\/types\/post"}],"author":[{"embeddable":true,"href":"https:\/\/2horizontes.com\/index.php?rest_route=\/wp\/v2\/users\/3"}],"replies":[{"embeddable":true,"href":"https:\/\/2horizontes.com\/index.php?rest_route=%2Fwp%2Fv2%2Fcomments&post=37828"}],"version-history":[{"count":1,"href":"https:\/\/2horizontes.com\/index.php?rest_route=\/wp\/v2\/posts\/37828\/revisions"}],"predecessor-version":[{"id":37830,"href":"https:\/\/2horizontes.com\/index.php?rest_route=\/wp\/v2\/posts\/37828\/revisions\/37830"}],"wp:featuredmedia":[{"embeddable":true,"href":"https:\/\/2horizontes.com\/index.php?rest_route=\/wp\/v2\/media\/37829"}],"wp:attachment":[{"href":"https:\/\/2horizontes.com\/index.php?rest_route=%2Fwp%2Fv2%2Fmedia&parent=37828"}],"wp:term":[{"taxonomy":"category","embeddable":true,"href":"https:\/\/2horizontes.com\/index.php?rest_route=%2Fwp%2Fv2%2Fcategories&post=37828"},{"taxonomy":"post_tag","embeddable":true,"href":"https:\/\/2horizontes.com\/index.php?rest_route=%2Fwp%2Fv2%2Ftags&post=37828"}],"curies":[{"name":"wp","href":"https:\/\/api.w.org\/{rel}","templated":true}]}}