{"id":37816,"date":"2016-01-04T15:09:02","date_gmt":"2016-01-04T14:09:02","guid":{"rendered":"http:\/\/2horizontes.com\/?p=37816"},"modified":"2016-01-04T15:09:02","modified_gmt":"2016-01-04T14:09:02","slug":"a-prision-un-indigente-acusado-de-intentar-quemar-a-otro-en-un-cajero","status":"publish","type":"post","link":"https:\/\/2horizontes.com\/?p=37816","title":{"rendered":"A prisi\u00f3n un indigente acusado de intentar quemar a otro en un cajero"},"content":{"rendered":"<p>Un indigente, que presuntamente intent\u00f3 quemar a otro la pasada Nochevieja en un cajero de la calle Sierpes en Sevilla, ha ingresado en prisi\u00f3n de forma provisional este domingo tras la \u00abr\u00e1pida actuaci\u00f3n\u00bb de la Polic\u00eda Nacional, que lo detuvo en la misma madrugada del d\u00eda 1 de enero.<\/p>\n<p>Seg\u00fan han explicado fuentes policiales, fue un torno a las 4,30 horas de la madrugada del d\u00eda 1 de enero cuando un ciudadano alertaba de este hecho, del que se hace eco este domingo &#8216;Diario de Sevilla&#8217;, mediante una llamada al 061, \u00absiendo este ciudadano el mismo que sofoc\u00f3 el fuego que afectaba a las mantas y pertenencias de la v\u00edctima\u00bb.<\/p>\n<p>Estas mismas fuentes han asegurado que \u00abla r\u00e1pida actuaci\u00f3n del ciudadano evit\u00f3 mayor tragedia\u00bb, ya que el indigente afectado no se enter\u00f3 del fuego ni sufri\u00f3 ning\u00fan tipo de heridas o afecci\u00f3n, por lo que \u00abno precis\u00f3 de asistencia sanitaria, aunque s\u00ed se encontraba en &#8216;estado de shock&#8217; al no enterarse de lo que hab\u00eda ocurrido, ya que se encontraba dormido\u00bb.<\/p>\n<p>Por su parte, la actuaci\u00f3n de la Polic\u00eda Nacional fue \u00abr\u00e1pida\u00bb, pues una hora despu\u00e9s del aviso del ciudadano, concretamente, en torno a las 5,30 horas de la madrugada del 1 de enero, y en base a las im\u00e1genes de la grabaci\u00f3n de las c\u00e1maras de seguridad de la propia entidad bancaria, el presunto autor de los hechos era detenido en las inmediaciones de la plaza de la Encarnaci\u00f3n.<\/p>\n<p>Seg\u00fan el atestado de la Polic\u00eda Nacional, la detenci\u00f3n era por \u00abtentativa de homicidio\u00bb, seg\u00fan han apuntado las mismas fuentes, que han asegurado adem\u00e1s que el detenido cuenta con \u00abbastantes antecedentes penales\u00bb, por lo que en la ma\u00f1ana de este s\u00e1bado pas\u00f3 a disposici\u00f3n judicial y, finalmente, ha ingresado este domingo en prisi\u00f3n de forma provisional.<\/p>\n","protected":false},"excerpt":{"rendered":"<p>Un indigente, que presuntamente intent\u00f3 quemar a otro la pasada Nochevieja en un cajero de la calle Sierpes en Sevilla, ha ingresado en prisi\u00f3n de forma provisional este domingo tras la \u00abr\u00e1pida actuaci\u00f3n\u00bb de la Polic\u00eda Nacional, que lo detuvo en la misma madrugada del d\u00eda 1 de enero. Seg\u00fan han explicado fuentes policiales, fue [&hellip;]<\/p>\n","protected":false},"author":3,"featured_media":37817,"comment_status":"open","ping_status":"open","sticky":false,"template":"","format":"standard","meta":{"footnotes":""},"categories":[85],"tags":[],"class_list":["post-37816","post","type-post","status-publish","format-standard","has-post-thumbnail","hentry","category-espana"],"_links":{"self":[{"href":"https:\/\/2horizontes.com\/index.php?rest_route=\/wp\/v2\/posts\/37816","targetHints":{"allow":["GET"]}}],"collection":[{"href":"https:\/\/2horizontes.com\/index.php?rest_route=\/wp\/v2\/posts"}],"about":[{"href":"https:\/\/2horizontes.com\/index.php?rest_route=\/wp\/v2\/types\/post"}],"author":[{"embeddable":true,"href":"https:\/\/2horizontes.com\/index.php?rest_route=\/wp\/v2\/users\/3"}],"replies":[{"embeddable":true,"href":"https:\/\/2horizontes.com\/index.php?rest_route=%2Fwp%2Fv2%2Fcomments&post=37816"}],"version-history":[{"count":1,"href":"https:\/\/2horizontes.com\/index.php?rest_route=\/wp\/v2\/posts\/37816\/revisions"}],"predecessor-version":[{"id":37818,"href":"https:\/\/2horizontes.com\/index.php?rest_route=\/wp\/v2\/posts\/37816\/revisions\/37818"}],"wp:featuredmedia":[{"embeddable":true,"href":"https:\/\/2horizontes.com\/index.php?rest_route=\/wp\/v2\/media\/37817"}],"wp:attachment":[{"href":"https:\/\/2horizontes.com\/index.php?rest_route=%2Fwp%2Fv2%2Fmedia&parent=37816"}],"wp:term":[{"taxonomy":"category","embeddable":true,"href":"https:\/\/2horizontes.com\/index.php?rest_route=%2Fwp%2Fv2%2Fcategories&post=37816"},{"taxonomy":"post_tag","embeddable":true,"href":"https:\/\/2horizontes.com\/index.php?rest_route=%2Fwp%2Fv2%2Ftags&post=37816"}],"curies":[{"name":"wp","href":"https:\/\/api.w.org\/{rel}","templated":true}]}}