{"id":37792,"date":"2016-01-03T21:56:27","date_gmt":"2016-01-03T20:56:27","guid":{"rendered":"http:\/\/2horizontes.com\/?p=37792"},"modified":"2016-01-03T21:56:27","modified_gmt":"2016-01-03T20:56:27","slug":"murio-el-periodista-antonio-caceres-rd","status":"publish","type":"post","link":"https:\/\/2horizontes.com\/?p=37792","title":{"rendered":"Muri\u00f3 el periodista Antonio C\u00e1ceres RD"},"content":{"rendered":"<article class=\"contenidoArticulo\">\n<div class=\"cuerpoNoticia\">\n<div>RD- SANTO DOMINGO-Los restos del periodista Antonio C\u00e1ceres son velados en la funeraria Blandino de Herrera, en Santo Domingo Oeste, y ser\u00e1 sepultados ma\u00f1ana lunes a las 11:00 de la ma\u00f1ana en el cementerio Cristo Redentor.<\/div>\n<div><\/div>\n<div>C\u00e1ceres, \u00a0de 63 a\u00f1os, estaba recluido en el Hospital General Plaza de la Salud, afectado por un c\u00e1ncer de pulm\u00f3n. Falleci\u00f3 la noche del s\u00e1bado.<\/div>\n<div><\/div>\n<div>El deceso del experimentado reportero y corrector, quien labor\u00f3 para peri\u00f3dicos como L\u00edst\u00edn Diario, El Nacional y elCaribe, fue registrado aproximadamente a las 8:00 de la noche del s\u00e1bado \u00a0en la Unidad de Oncolog\u00eda del centro de salud-<\/div>\n<div><\/div>\n<div>Al \u00a0periodista le sobreviven su esposa Midalma Peralta (Laly) y sus hijos Fabiola, Sahira, Anny y Martha C\u00e1ceres Peralta.<\/div>\n<div><\/div>\n<div>C\u00e1ceres fue jefe de Informaci\u00f3n del peri\u00f3dico List\u00edn Diario, corrector de estilo del diario elCaribe, redactor del peri\u00f3dico El Nacional y subdirector de Relaciones P\u00fablicas del Ministerio de Agricultura.<\/div>\n<div><\/div>\n<div>Tambi\u00e9n fue redactor-fundador del peri\u00f3dico HOY. Su deceso se produjo a las 8:15 de la noche, inform\u00f3 su esposa.<\/div>\n<div><\/div>\n<div>Antonio Manuel C\u00e1ceres era oriundo de Moca, pero se radic\u00f3 desde ni\u00f1o en la ciudad capital.<\/div>\n<\/div>\n<\/article>\n<p>&nbsp;<\/p>\n","protected":false},"excerpt":{"rendered":"<p>RD- SANTO DOMINGO-Los restos del periodista Antonio C\u00e1ceres son velados en la funeraria Blandino de Herrera, en Santo Domingo Oeste, y ser\u00e1 sepultados ma\u00f1ana lunes a las 11:00 de la ma\u00f1ana en el cementerio Cristo Redentor. C\u00e1ceres, \u00a0de 63 a\u00f1os, estaba recluido en el Hospital General Plaza de la Salud, afectado por un c\u00e1ncer de [&hellip;]<\/p>\n","protected":false},"author":8,"featured_media":37793,"comment_status":"open","ping_status":"open","sticky":false,"template":"","format":"standard","meta":{"footnotes":""},"categories":[56,44],"tags":[],"class_list":["post-37792","post","type-post","status-publish","format-standard","has-post-thumbnail","hentry","category-notas-luctuosas","category-republica-dominicana"],"_links":{"self":[{"href":"https:\/\/2horizontes.com\/index.php?rest_route=\/wp\/v2\/posts\/37792","targetHints":{"allow":["GET"]}}],"collection":[{"href":"https:\/\/2horizontes.com\/index.php?rest_route=\/wp\/v2\/posts"}],"about":[{"href":"https:\/\/2horizontes.com\/index.php?rest_route=\/wp\/v2\/types\/post"}],"author":[{"embeddable":true,"href":"https:\/\/2horizontes.com\/index.php?rest_route=\/wp\/v2\/users\/8"}],"replies":[{"embeddable":true,"href":"https:\/\/2horizontes.com\/index.php?rest_route=%2Fwp%2Fv2%2Fcomments&post=37792"}],"version-history":[{"count":1,"href":"https:\/\/2horizontes.com\/index.php?rest_route=\/wp\/v2\/posts\/37792\/revisions"}],"predecessor-version":[{"id":37794,"href":"https:\/\/2horizontes.com\/index.php?rest_route=\/wp\/v2\/posts\/37792\/revisions\/37794"}],"wp:featuredmedia":[{"embeddable":true,"href":"https:\/\/2horizontes.com\/index.php?rest_route=\/wp\/v2\/media\/37793"}],"wp:attachment":[{"href":"https:\/\/2horizontes.com\/index.php?rest_route=%2Fwp%2Fv2%2Fmedia&parent=37792"}],"wp:term":[{"taxonomy":"category","embeddable":true,"href":"https:\/\/2horizontes.com\/index.php?rest_route=%2Fwp%2Fv2%2Fcategories&post=37792"},{"taxonomy":"post_tag","embeddable":true,"href":"https:\/\/2horizontes.com\/index.php?rest_route=%2Fwp%2Fv2%2Ftags&post=37792"}],"curies":[{"name":"wp","href":"https:\/\/api.w.org\/{rel}","templated":true}]}}