{"id":37784,"date":"2016-01-03T21:23:35","date_gmt":"2016-01-03T20:23:35","guid":{"rendered":"http:\/\/2horizontes.com\/?p=37784"},"modified":"2016-01-03T21:23:35","modified_gmt":"2016-01-03T20:23:35","slug":"hombre-se-ahoga-en-la-playa-najayo-de-san-cristobal-rd","status":"publish","type":"post","link":"https:\/\/2horizontes.com\/?p=37784","title":{"rendered":"Hombre se ahoga en la playa Najayo de San Crist\u00f3bal RD"},"content":{"rendered":"<p>RD- NAJAYO-La Polic\u00eda report\u00f3 este domingo la muerte de un hombre de 28 a\u00f1os por ahogamiento, mientras se ba\u00f1aba en la playa de Najayo, en la provincia San Crist\u00f3bal.<\/p>\n<p>A trav\u00e9s de una nota de prensa, se\u00f1ala que agentes de la Unidad de Cr\u00edmenes y Delitos Contra las Personas en esa ciudad sacaron de las aguas del Mar Caribe el cad\u00e1ver de Henry de Paula Cordero, quien falleci\u00f3 a causa de asfixia por ahogamiento, cuando nadaba en el balneario antes citado.<\/p>\n<p>Dijo que, seg\u00fan declar\u00f3 su t\u00edo, Santos Polanco Troncoso, su sobrino en compa\u00f1\u00eda de su madre, Marilyn Cordero, una hermana y varios amigos, se trasladaron a la referida playa a disfrutar de un ba\u00f1o.<\/p>\n<p>Dijo que luego de un rato, Henry se les perdi\u00f3 de vista y no volvieron a verlo hasta que fue encontrado en las condiciones antes descritas.<\/p>\n<p>&nbsp;<\/p>\n","protected":false},"excerpt":{"rendered":"<p>RD- NAJAYO-La Polic\u00eda report\u00f3 este domingo la muerte de un hombre de 28 a\u00f1os por ahogamiento, mientras se ba\u00f1aba en la playa de Najayo, en la provincia San Crist\u00f3bal. A trav\u00e9s de una nota de prensa, se\u00f1ala que agentes de la Unidad de Cr\u00edmenes y Delitos Contra las Personas en esa ciudad sacaron de las [&hellip;]<\/p>\n","protected":false},"author":8,"featured_media":37785,"comment_status":"open","ping_status":"open","sticky":false,"template":"","format":"standard","meta":{"footnotes":""},"categories":[53,44],"tags":[],"class_list":["post-37784","post","type-post","status-publish","format-standard","has-post-thumbnail","hentry","category-provincias","category-republica-dominicana"],"_links":{"self":[{"href":"https:\/\/2horizontes.com\/index.php?rest_route=\/wp\/v2\/posts\/37784","targetHints":{"allow":["GET"]}}],"collection":[{"href":"https:\/\/2horizontes.com\/index.php?rest_route=\/wp\/v2\/posts"}],"about":[{"href":"https:\/\/2horizontes.com\/index.php?rest_route=\/wp\/v2\/types\/post"}],"author":[{"embeddable":true,"href":"https:\/\/2horizontes.com\/index.php?rest_route=\/wp\/v2\/users\/8"}],"replies":[{"embeddable":true,"href":"https:\/\/2horizontes.com\/index.php?rest_route=%2Fwp%2Fv2%2Fcomments&post=37784"}],"version-history":[{"count":1,"href":"https:\/\/2horizontes.com\/index.php?rest_route=\/wp\/v2\/posts\/37784\/revisions"}],"predecessor-version":[{"id":37786,"href":"https:\/\/2horizontes.com\/index.php?rest_route=\/wp\/v2\/posts\/37784\/revisions\/37786"}],"wp:featuredmedia":[{"embeddable":true,"href":"https:\/\/2horizontes.com\/index.php?rest_route=\/wp\/v2\/media\/37785"}],"wp:attachment":[{"href":"https:\/\/2horizontes.com\/index.php?rest_route=%2Fwp%2Fv2%2Fmedia&parent=37784"}],"wp:term":[{"taxonomy":"category","embeddable":true,"href":"https:\/\/2horizontes.com\/index.php?rest_route=%2Fwp%2Fv2%2Fcategories&post=37784"},{"taxonomy":"post_tag","embeddable":true,"href":"https:\/\/2horizontes.com\/index.php?rest_route=%2Fwp%2Fv2%2Ftags&post=37784"}],"curies":[{"name":"wp","href":"https:\/\/api.w.org\/{rel}","templated":true}]}}