{"id":37782,"date":"2016-01-03T21:14:11","date_gmt":"2016-01-03T20:14:11","guid":{"rendered":"http:\/\/2horizontes.com\/?p=37782"},"modified":"2016-01-03T21:14:11","modified_gmt":"2016-01-03T20:14:11","slug":"apresan-hombre-acusado-de-violar-a-una-adolescente-de-14-anos-en-san-francisco-rd","status":"publish","type":"post","link":"https:\/\/2horizontes.com\/?p=37782","title":{"rendered":"Apresan hombre acusado de violar a una adolescente de 14 a\u00f1os en San Francisco RD"},"content":{"rendered":"<article class=\"contenidoArticulo\">\n<div class=\"cuerpoNoticia\">\n<p>RD- SAN FRANCISCO-Un hombre acusado de violar sexualmente a una adolescente de 14 a\u00f1os, en San Francisco de Macor\u00eds fue apresado por efectivos de la Polic\u00eda Nacional.<\/p>\n<p>La instituci\u00f3n identific\u00f3 al apresado como Ram\u00f3n Salazar de Jes\u00fas, de 36 a\u00f1os.<\/p>\n<p>Dice que el informe preliminar del caso, ocurrido supuestamente en la calle Primera No.17, del sector Guzm\u00e1n, de San Francisco de Macor\u00eds, refiere que Salazar de Jes\u00fas fue apresado mediante la orden de arresto No. 00632-2015, acusado de haber violado a una adolescente de 14 a\u00f1os el pasado 20 de junio del 2015, cuyo nombre se omite por razones legales, hecho que es atribuido por la madre de crianza de la menor.<\/p>\n<p>El prevenido fue capturado por agentes adscritos a la Direcci\u00f3n Adjunta de Investigaciones Criminales, regi\u00f3n Noreste.<\/p>\n<\/div>\n<\/article>\n<p>&nbsp;<\/p>\n","protected":false},"excerpt":{"rendered":"<p>RD- SAN FRANCISCO-Un hombre acusado de violar sexualmente a una adolescente de 14 a\u00f1os, en San Francisco de Macor\u00eds fue apresado por efectivos de la Polic\u00eda Nacional. La instituci\u00f3n identific\u00f3 al apresado como Ram\u00f3n Salazar de Jes\u00fas, de 36 a\u00f1os. Dice que el informe preliminar del caso, ocurrido supuestamente en la calle Primera No.17, del [&hellip;]<\/p>\n","protected":false},"author":8,"featured_media":34698,"comment_status":"open","ping_status":"open","sticky":false,"template":"","format":"standard","meta":{"footnotes":""},"categories":[53,44],"tags":[],"class_list":["post-37782","post","type-post","status-publish","format-standard","has-post-thumbnail","hentry","category-provincias","category-republica-dominicana"],"_links":{"self":[{"href":"https:\/\/2horizontes.com\/index.php?rest_route=\/wp\/v2\/posts\/37782","targetHints":{"allow":["GET"]}}],"collection":[{"href":"https:\/\/2horizontes.com\/index.php?rest_route=\/wp\/v2\/posts"}],"about":[{"href":"https:\/\/2horizontes.com\/index.php?rest_route=\/wp\/v2\/types\/post"}],"author":[{"embeddable":true,"href":"https:\/\/2horizontes.com\/index.php?rest_route=\/wp\/v2\/users\/8"}],"replies":[{"embeddable":true,"href":"https:\/\/2horizontes.com\/index.php?rest_route=%2Fwp%2Fv2%2Fcomments&post=37782"}],"version-history":[{"count":1,"href":"https:\/\/2horizontes.com\/index.php?rest_route=\/wp\/v2\/posts\/37782\/revisions"}],"predecessor-version":[{"id":37783,"href":"https:\/\/2horizontes.com\/index.php?rest_route=\/wp\/v2\/posts\/37782\/revisions\/37783"}],"wp:featuredmedia":[{"embeddable":true,"href":"https:\/\/2horizontes.com\/index.php?rest_route=\/wp\/v2\/media\/34698"}],"wp:attachment":[{"href":"https:\/\/2horizontes.com\/index.php?rest_route=%2Fwp%2Fv2%2Fmedia&parent=37782"}],"wp:term":[{"taxonomy":"category","embeddable":true,"href":"https:\/\/2horizontes.com\/index.php?rest_route=%2Fwp%2Fv2%2Fcategories&post=37782"},{"taxonomy":"post_tag","embeddable":true,"href":"https:\/\/2horizontes.com\/index.php?rest_route=%2Fwp%2Fv2%2Ftags&post=37782"}],"curies":[{"name":"wp","href":"https:\/\/api.w.org\/{rel}","templated":true}]}}