{"id":37774,"date":"2016-01-03T20:56:24","date_gmt":"2016-01-03T19:56:24","guid":{"rendered":"http:\/\/2horizontes.com\/?p=37774"},"modified":"2016-01-03T20:56:24","modified_gmt":"2016-01-03T19:56:24","slug":"policia-mata-a-joven-en-bonao-dice-era-un-reconocido-delincuente","status":"publish","type":"post","link":"https:\/\/2horizontes.com\/?p=37774","title":{"rendered":"Polic\u00eda mata a joven en Bonao; dice era un \u00abreconocido delincuente\u00bb"},"content":{"rendered":"<p>RD- BONAO-La Polic\u00eda inform\u00f3 este domingo que ultim\u00f3 a un hombre, al que tilda de \u201creconocido de delincuente\u201d y quien alegadamente enfrent\u00f3 a tiros, junto a otros tres individuos, \u00a0a una patrulla de la instituci\u00f3n en Bonao, provincia Monse\u00f1or Nouel.<\/p>\n<p>La v\u00edctima es Sandy Daniel Viloria Castillo (Momo), de 24 a\u00f1os, quien falleci\u00f3 mientras recib\u00eda atenciones m\u00e9dicas en el hospital Inmaculada Concepci\u00f3n, de esa ciudad, seg\u00fan una nota de prensa de la uniformada.<\/p>\n<p>\u00abMomo, de 24 a\u00f1os, quien result\u00f3 con m\u00faltiples heridas de arma de fuego al enfrentar a tiros, junto a otros tres, \u00a0a miembros del DICRIM, de Antinarc\u00f3ticos y de la Polic\u00eda Preventiva, en una finca del sector Quita Sue\u00f1o, cerca del r\u00edo Yuna, donde se hab\u00edan refugiado\u00bb, dice la nota de la Polic\u00eda.<\/p>\n<p>Seg\u00fan la uniformada, los agentes policiales se presentaron al lugar, antes informaciones dadas por el comerciante Antonio Mena Rojas, en el sentido de que en su propiedad hab\u00edan penetrado cuatro personas, entre ellas una mujer, \u00a0cada uno con armas de fuego, donde rompieron la puerta trasera de una casa de madera y lo obligaron a retirarse.<\/p>\n<p>\u00abCuando los efectivos policiales llegaron, fueron recibidos a tiros, originandose \u00a0un enfrentamiento y fue en esa circunstancia donde resulto mortalmente herido Viloria Castillo, residente en la calle Ori\u00f3n No. 11, del Barrio Santa Rosa\u00bb, detalla.<\/p>\n<p>Agrega que al occiso se le ocup\u00f3 la pistola marca BROWNING 9mm, color negro, aerie No. 245NV64483, con su cargador, una mochila tipo mariconera, azul, conteniendo en su interior un cono de hilo naylon, unas tijeras, una pasta dental, un cepillo de dientes, un pedazo de lazo color morado, un celular marca ZTE, modelo GS516, color negro con mamey, IMEI No. 869358011299890 y una c\u00e9dula a nombre de lenny Manuel Molina Hern\u00e1ndez (Pap\u00e1) n\u00famero 223-0104276-2.<\/p>\n<p>En el lugar fue detenida Uberlin Yamile Acosta, de 18 a\u00f1os, residente en el barrio Santa Fe, a qui\u00e9n se le ocup\u00f3 tambi\u00e9n una mochila negra con un letrero del Ministerio de Educaci\u00f3n, que conten\u00eda en su interior varias ropas de vestir de hombre y mujer, dos porciones voluminosas de un vegetal verde, presumiblemente marihuana, con un peso aproximado de 123.2 gramos y otra porci\u00f3n de un polvo blanco, que se presume es coca\u00edna, con un peso aproximado de 10.0 gramos y un celular Black Berry color negro, IMEI No. 359599045677224.<\/p>\n<p>En el lugar del hecho se ocup\u00f3 adem\u00e1s el motor marca UM, modelo MAX 150, color rojo, Chasis No. L5DPCKF17FZM00220, el cual tiene denuncia en la fiscal\u00eda de esta ciudad presentada por Ambiorix Jos\u00e9 Concepci\u00f3n Medina, de fecha 01-01-2016, quien identifico al occiso como la persona que lo despojo de la referida motocicleta junto \u201cal reconocido delincuente Robert Esmit G\u00f3mez Rodr\u00edguez, apodado (Vividor y el tal Pap\u00e1), los cuales emprendieron la huida.<\/p>\n<p>En cuanto al occiso, al ser depurado en los archivos policiales figuran con tres registros delictivos por diferentes hechos y era buscado mediante la orden de arresto No. 01167\/2015, conjuntamente con el hombre identificado como Vividor, por la muerte de Bily Concepci\u00f3n rodr\u00edguez y Christopher Israel Ram\u00edrez Hern\u00e1ndez (Acajita), en fecha 20-12-2015.<\/p>\n<p>En el lugar del hecho fueron colectados tres casquillos por la Polic\u00eda Cient\u00edfica.<\/p>\n<p>&nbsp;<\/p>\n","protected":false},"excerpt":{"rendered":"<p>RD- BONAO-La Polic\u00eda inform\u00f3 este domingo que ultim\u00f3 a un hombre, al que tilda de \u201creconocido de delincuente\u201d y quien alegadamente enfrent\u00f3 a tiros, junto a otros tres individuos, \u00a0a una patrulla de la instituci\u00f3n en Bonao, provincia Monse\u00f1or Nouel. La v\u00edctima es Sandy Daniel Viloria Castillo (Momo), de 24 a\u00f1os, quien falleci\u00f3 mientras recib\u00eda [&hellip;]<\/p>\n","protected":false},"author":8,"featured_media":37775,"comment_status":"open","ping_status":"open","sticky":false,"template":"","format":"standard","meta":{"footnotes":""},"categories":[53,44],"tags":[],"class_list":["post-37774","post","type-post","status-publish","format-standard","has-post-thumbnail","hentry","category-provincias","category-republica-dominicana"],"_links":{"self":[{"href":"https:\/\/2horizontes.com\/index.php?rest_route=\/wp\/v2\/posts\/37774","targetHints":{"allow":["GET"]}}],"collection":[{"href":"https:\/\/2horizontes.com\/index.php?rest_route=\/wp\/v2\/posts"}],"about":[{"href":"https:\/\/2horizontes.com\/index.php?rest_route=\/wp\/v2\/types\/post"}],"author":[{"embeddable":true,"href":"https:\/\/2horizontes.com\/index.php?rest_route=\/wp\/v2\/users\/8"}],"replies":[{"embeddable":true,"href":"https:\/\/2horizontes.com\/index.php?rest_route=%2Fwp%2Fv2%2Fcomments&post=37774"}],"version-history":[{"count":1,"href":"https:\/\/2horizontes.com\/index.php?rest_route=\/wp\/v2\/posts\/37774\/revisions"}],"predecessor-version":[{"id":37776,"href":"https:\/\/2horizontes.com\/index.php?rest_route=\/wp\/v2\/posts\/37774\/revisions\/37776"}],"wp:featuredmedia":[{"embeddable":true,"href":"https:\/\/2horizontes.com\/index.php?rest_route=\/wp\/v2\/media\/37775"}],"wp:attachment":[{"href":"https:\/\/2horizontes.com\/index.php?rest_route=%2Fwp%2Fv2%2Fmedia&parent=37774"}],"wp:term":[{"taxonomy":"category","embeddable":true,"href":"https:\/\/2horizontes.com\/index.php?rest_route=%2Fwp%2Fv2%2Fcategories&post=37774"},{"taxonomy":"post_tag","embeddable":true,"href":"https:\/\/2horizontes.com\/index.php?rest_route=%2Fwp%2Fv2%2Ftags&post=37774"}],"curies":[{"name":"wp","href":"https:\/\/api.w.org\/{rel}","templated":true}]}}