{"id":37756,"date":"2016-01-02T20:42:27","date_gmt":"2016-01-02T19:42:27","guid":{"rendered":"http:\/\/2horizontes.com\/?p=37756"},"modified":"2016-01-02T20:42:27","modified_gmt":"2016-01-02T19:42:27","slug":"nadal-campeon-de-abu-dabi","status":"publish","type":"post","link":"https:\/\/2horizontes.com\/?p=37756","title":{"rendered":"Nadal, campe\u00f3n de Abu Dabi"},"content":{"rendered":"<p>Sin olvidar que el de Abu Dabi es un torneo de exhibici\u00f3n, una primera toma de contacto, la irrupci\u00f3n de Rafael Nadal en 2016 fue esperanzadora. El n\u00famero cinco, de 29 a\u00f1os, elev\u00f3 por tercera vez en su carrera el trofeo del emirato.<\/p>\n<p>Lo hizo despu\u00e9s de imponerse en la final al canadiense Milos Raonic por 7-6 y 6-3, despu\u00e9s de 90 minutos. Pero m\u00e1s all\u00e1 del triunfo, la actuaci\u00f3n del espa\u00f1ol en su primera cita del calendario ofreci\u00f3 algunas indicios significativos.<\/p>\n<p>Antes de abrir oficialmente la temporada, la pr\u00f3xima semana en Doha (categor\u00eda 250), el de Manacor demostr\u00f3 que mantiene el mismo tono competitivo con el que cerr\u00f3 el a\u00f1o vencido. Es decir, ahora mismo exhibe chispa, piernas y golpes.<\/p>\n<p>El tiempo dictar\u00e1 si son los suficientes como para pleitear durante los pr\u00f3ximos 12 meses con el tr\u00edo m\u00e1s fuerte del circuito (Novak Djokovic, Andy Murray y Roger Federer), pero desde luego s\u00ed las necesarias como para evitar la irregularidad de 2015.<\/p>\n<p>El espa\u00f1ol mantiene el mismo tono competitivo con el que cerr\u00f3 2015: exhibe chispa, piernas y golpes<\/p>\n<p>Durante el \u00faltimo trimestre del curso pasado, Nadal recuper\u00f3 la lucidez mental y el juego. Con el objetivo de mantener la inercia, el balear opt\u00f3 por la v\u00eda del trabajo y no se concedi\u00f3 un descanso. Primero particip\u00f3 en la Liga asi\u00e1tica (Manila y Nueva Delhi) y despu\u00e9s aprovech\u00f3 su estancia en Manacor para entrenarse a pleno rendimiento antes de desplazarse a Abu Dabi.<\/p>\n<p>Y all\u00ed, una buena puesta en escena, primero contra David Ferrer, y este s\u00e1bado en la final contra Raonic, n\u00famero 14 del mundo.<\/p>\n<p>El canadiense, un ca\u00f1onero que a partir de ahora contar\u00e1 con el asesoramiento de Carlos Moy\u00e0 en el banquillo, fue neutralizado por Nadal a base de temple y selecci\u00f3n, de contenci\u00f3n en los restos y aguijonazos puntuales.<\/p>\n<p>El espa\u00f1ol decant\u00f3 el tie-break de forma rotunda (7-2) y rompi\u00f3 el segundo parcial al quebrar el servicio de su rival en el cuarto juego, para 3-1. A partir de ah\u00ed, viento a favor: primer fotograma victorioso de 2016, un suculento cheque de 230.000 euros y rumbo ligero a Doha, donde se estrenar\u00e1 ante el asturiano Pablo Carre\u00f1o y en donde comparecer\u00e1 por el otro lado del cuadro el n\u00famero uno, Djokovic.<\/p>\n<p>Mengua el margen hacia el Abierto de Australia (del 18 al 31 de enero), buenas pistas desde el desierto de Abu Dabi: un peque\u00f1o mordisco de Nadal para abrir boca.<\/p>\n","protected":false},"excerpt":{"rendered":"<p>Sin olvidar que el de Abu Dabi es un torneo de exhibici\u00f3n, una primera toma de contacto, la irrupci\u00f3n de Rafael Nadal en 2016 fue esperanzadora. El n\u00famero cinco, de 29 a\u00f1os, elev\u00f3 por tercera vez en su carrera el trofeo del emirato. Lo hizo despu\u00e9s de imponerse en la final al canadiense Milos Raonic [&hellip;]<\/p>\n","protected":false},"author":3,"featured_media":37757,"comment_status":"open","ping_status":"open","sticky":false,"template":"","format":"standard","meta":{"footnotes":""},"categories":[42],"tags":[],"class_list":["post-37756","post","type-post","status-publish","format-standard","has-post-thumbnail","hentry","category-deportes"],"_links":{"self":[{"href":"https:\/\/2horizontes.com\/index.php?rest_route=\/wp\/v2\/posts\/37756","targetHints":{"allow":["GET"]}}],"collection":[{"href":"https:\/\/2horizontes.com\/index.php?rest_route=\/wp\/v2\/posts"}],"about":[{"href":"https:\/\/2horizontes.com\/index.php?rest_route=\/wp\/v2\/types\/post"}],"author":[{"embeddable":true,"href":"https:\/\/2horizontes.com\/index.php?rest_route=\/wp\/v2\/users\/3"}],"replies":[{"embeddable":true,"href":"https:\/\/2horizontes.com\/index.php?rest_route=%2Fwp%2Fv2%2Fcomments&post=37756"}],"version-history":[{"count":1,"href":"https:\/\/2horizontes.com\/index.php?rest_route=\/wp\/v2\/posts\/37756\/revisions"}],"predecessor-version":[{"id":37758,"href":"https:\/\/2horizontes.com\/index.php?rest_route=\/wp\/v2\/posts\/37756\/revisions\/37758"}],"wp:featuredmedia":[{"embeddable":true,"href":"https:\/\/2horizontes.com\/index.php?rest_route=\/wp\/v2\/media\/37757"}],"wp:attachment":[{"href":"https:\/\/2horizontes.com\/index.php?rest_route=%2Fwp%2Fv2%2Fmedia&parent=37756"}],"wp:term":[{"taxonomy":"category","embeddable":true,"href":"https:\/\/2horizontes.com\/index.php?rest_route=%2Fwp%2Fv2%2Fcategories&post=37756"},{"taxonomy":"post_tag","embeddable":true,"href":"https:\/\/2horizontes.com\/index.php?rest_route=%2Fwp%2Fv2%2Ftags&post=37756"}],"curies":[{"name":"wp","href":"https:\/\/api.w.org\/{rel}","templated":true}]}}