{"id":37749,"date":"2016-01-02T17:36:14","date_gmt":"2016-01-02T16:36:14","guid":{"rendered":"http:\/\/2horizontes.com\/?p=37749"},"modified":"2016-01-02T17:36:14","modified_gmt":"2016-01-02T16:36:14","slug":"un-hombre-asesina-a-su-esposa-y-su-bebe-y-despues-se-suicida","status":"publish","type":"post","link":"https:\/\/2horizontes.com\/?p=37749","title":{"rendered":"Un hombre asesina a su esposa y su beb\u00e9 y despu\u00e9s se suicida"},"content":{"rendered":"<p>Apenas unas horas antes de que terminara 2015, la Guardia Civil ha hallado este jueves los cuerpos de una pareja y su beb\u00e9 de nueve meses en un piso de Torrevieja (Alicante). Los cad\u00e1veres ten\u00edan signos de violencia y todo parece indicar que se trata de un caso de violencia machista.<\/p>\n<p>Los investigadores barajan como principal hip\u00f3tesis que el hombre, al que encontraron ahorcado, asfixi\u00f3 a su esposa, de 31 a\u00f1os, y la ni\u00f1a, de ocho meses, y despu\u00e9s se suicid\u00f3.<\/p>\n<p>El caso ha reca\u00eddo en el juzgado de instrucci\u00f3n n\u00famero 1 de Torrevieja, aunque, seg\u00fan fuentes del Tribunal Superior de Justicia valenciano, en los pr\u00f3ximos d\u00edas se inhibir\u00e1 en favor del juzgado de violencia contra la mujer.<\/p>\n<p>La familia era de origen polaco y viv\u00eda en un piso alquilado en la calle Ram\u00f3n Gallud, en pleno centro de Torrevieja, ciudad que acoge una colonia de casi 2.000 ciudadanos procedentes de este pa\u00eds de Europa del Este.<\/p>\n<p>El hallazgo de los tres cad\u00e1veres se produjo despu\u00e9s de que la madre de la mujer fallecida, que reside en una urbanizaci\u00f3n de la costa de Orihuela, diera la voz de alarma porque no ve\u00eda a sus familiares desde el 24 de diciembre.<\/p>\n<p>La Guardia Civil descubri\u00f3 los cuerpos sobre las 20.00 de ayer. El crimen pudo haberse cometido hace una semana, seg\u00fan fuentes de la investigaci\u00f3n, que se\u00f1alan que los cuerpos de la ni\u00f1a y la mujer fueron hallados envueltos en s\u00e1banas.<\/p>\n<p>Una organizaci\u00f3n de b\u00fasqueda de personas desaparecidas de Polonia ya hab\u00eda publicado un anuncio en el que llamaba la atenci\u00f3n sobre la falta de la pareja y su beb\u00e9 en Torrevieja (Alicante). La alerta avisaba de que se les hab\u00eda visto por \u00faltima vez el 21 de diciembre.<\/p>\n<p>Seg\u00fan este llamamiento, que inclu\u00eda im\u00e1genes de los tres miembros de la familia, el hombre, de 35 a\u00f1os, se llamaba Lukasz Nadolski, la mujer, de 31 a\u00f1os, Anna Nadolsa, y la beb\u00e9, de 9 meses, Maja Nadolska.<\/p>\n<p>Las muertes han generado la condena y la repulsa de las principales instituciones valencianas. El Ayuntamiento de Torrevieja ha realizado una concentraci\u00f3n a las 18.00 horas frente a la Casa Consistorial y estudia volver a repetir la muestra de repulsa ma\u00f1ana a mediod\u00eda. La violencia machista fue uno de los asuntos sobre los que el presidente valenciano, Ximo Puig, quiso poner el \u00e9nfasis en su discurso de fin de a\u00f1o.<\/p>\n<p>La Generalitat hab\u00eda contabilizado en la Comunidad Valenciana 11 mujeres asesinadas por sus parejas o exparejas en 2015 antes de conocerse las muertes de Torrevieja. El Gobierno valenciano se concentrar\u00e1 este s\u00e1bado para guardar tres minutos de silencio para condenar el nuevo caso de violencia machista.<\/p>\n<p>Este mismo jueves, pero en Almer\u00eda, la Guardia Civil descubri\u00f3 el cuerpo sin vida de un hombre de 60 a\u00f1os y de una mujer de 25 en un domicilio ubicado cerca del cementerio municipal de Adra (Almer\u00eda). Ambos ten\u00edan heridas por arma de fuego y en este caso tambi\u00e9n se cree que se trata de un presunto asesinato por violencia de g\u00e9nero.<\/p>\n<p>A falta de la confirmaci\u00f3n definitiva sobre si tanto las muertes de Alicante como la de Almer\u00eda fueron casos de violencia machista, este 2015 ha terminado con 55 mujeres asesinadas por sus parejas o exparejas, una cifra similar a la de 2014 y 2013, seg\u00fan datos del Ministerio de Sanidad, Servicios Sociales e Igualdad.<\/p>\n","protected":false},"excerpt":{"rendered":"<p>Apenas unas horas antes de que terminara 2015, la Guardia Civil ha hallado este jueves los cuerpos de una pareja y su beb\u00e9 de nueve meses en un piso de Torrevieja (Alicante). Los cad\u00e1veres ten\u00edan signos de violencia y todo parece indicar que se trata de un caso de violencia machista. Los investigadores barajan como [&hellip;]<\/p>\n","protected":false},"author":3,"featured_media":37750,"comment_status":"open","ping_status":"open","sticky":false,"template":"","format":"standard","meta":{"footnotes":""},"categories":[85],"tags":[],"class_list":["post-37749","post","type-post","status-publish","format-standard","has-post-thumbnail","hentry","category-espana"],"_links":{"self":[{"href":"https:\/\/2horizontes.com\/index.php?rest_route=\/wp\/v2\/posts\/37749","targetHints":{"allow":["GET"]}}],"collection":[{"href":"https:\/\/2horizontes.com\/index.php?rest_route=\/wp\/v2\/posts"}],"about":[{"href":"https:\/\/2horizontes.com\/index.php?rest_route=\/wp\/v2\/types\/post"}],"author":[{"embeddable":true,"href":"https:\/\/2horizontes.com\/index.php?rest_route=\/wp\/v2\/users\/3"}],"replies":[{"embeddable":true,"href":"https:\/\/2horizontes.com\/index.php?rest_route=%2Fwp%2Fv2%2Fcomments&post=37749"}],"version-history":[{"count":1,"href":"https:\/\/2horizontes.com\/index.php?rest_route=\/wp\/v2\/posts\/37749\/revisions"}],"predecessor-version":[{"id":37751,"href":"https:\/\/2horizontes.com\/index.php?rest_route=\/wp\/v2\/posts\/37749\/revisions\/37751"}],"wp:featuredmedia":[{"embeddable":true,"href":"https:\/\/2horizontes.com\/index.php?rest_route=\/wp\/v2\/media\/37750"}],"wp:attachment":[{"href":"https:\/\/2horizontes.com\/index.php?rest_route=%2Fwp%2Fv2%2Fmedia&parent=37749"}],"wp:term":[{"taxonomy":"category","embeddable":true,"href":"https:\/\/2horizontes.com\/index.php?rest_route=%2Fwp%2Fv2%2Fcategories&post=37749"},{"taxonomy":"post_tag","embeddable":true,"href":"https:\/\/2horizontes.com\/index.php?rest_route=%2Fwp%2Fv2%2Ftags&post=37749"}],"curies":[{"name":"wp","href":"https:\/\/api.w.org\/{rel}","templated":true}]}}