{"id":3771,"date":"2015-03-27T10:53:57","date_gmt":"2015-03-27T10:53:57","guid":{"rendered":"http:\/\/2horizontes.com\/?p=3771"},"modified":"2015-03-27T10:53:57","modified_gmt":"2015-03-27T10:53:57","slug":"acuerdan-nueva-reunion-cp-del-pld-para-discutir-reeleccion","status":"publish","type":"post","link":"https:\/\/2horizontes.com\/?p=3771","title":{"rendered":"Acuerdan nueva reuni\u00f3n CP del PLD para discutir reelecci\u00f3n"},"content":{"rendered":"<p><a href=\"http:\/\/2horizontes.com\/wp-content\/uploads\/2015\/03\/pared-perez-informa-.jpg\"><img loading=\"lazy\" decoding=\"async\" src=\"http:\/\/2horizontes.com\/wp-content\/uploads\/2015\/03\/pared-perez-informa--300x197.jpg\" alt=\"pared-perez-informa-\" width=\"300\" height=\"197\" class=\"alignleft size-medium wp-image-3763\" srcset=\"https:\/\/2horizontes.com\/wp-content\/uploads\/2015\/03\/pared-perez-informa--300x197.jpg 300w, https:\/\/2horizontes.com\/wp-content\/uploads\/2015\/03\/pared-perez-informa--510x335.jpg 510w, https:\/\/2horizontes.com\/wp-content\/uploads\/2015\/03\/pared-perez-informa-.jpg 589w\" sizes=\"auto, (max-width: 300px) 100vw, 300px\" \/><\/a><\/p>\n<p>En la reuni\u00f3n realizada este jueves del Comit\u00e9 Pol\u00edtico del Partido de la Liberaci\u00f3n Dominicana, PLD , se acord\u00f3 tratar la reelecci\u00f3n presidencial y el proceso electoral interno de ese partido en una nueva reuni\u00f3n pautada para el 19 de abril a las 10 de la ma\u00f1ana.<\/p>\n<p>En la reuni\u00f3n se trato la Ley de Partidos en la que los miembros del m\u00e1s importante organismo del PLD acord\u00f3 convocar una cumbre con los dem\u00e1s partidos, utilizando de mediador el monse\u00f1or Agripino N\u00fa\u00f1ez Collado.<\/p>\n<p>Al termino de la reuni\u00f3n el miembro y aspirante presidencial Temistocles Montas a trav\u00e9s de su cuenta en Twitter adelant\u00f3 \u201cExcelente reuni\u00f3n del Comit\u00e9 Pol\u00edtico. Se fij\u00f3 el 19 de abril para discutir el tema de reelecci\u00f3n y el calendario de las primarias\u201d A lo que periodistas cuestionaron al secretario general del PLD, Reinaldo Pared P\u00e9rez quien respondi\u00f3 que de ser as\u00ed plantear\u00e1 el detalle en la pr\u00f3xima reuni\u00f3n del Comit\u00e9 Pol\u00edtico.<\/p>\n<p>En esta reuni\u00f3n asistieron 34 de 35 miembros, presentando excusa Jos\u00e9 Tomas P\u00e9rez, por encontrarse en un proceso quir\u00fargico lo que le impidi\u00f3 asistir a la cita.<\/p>\n<p>La reuni\u00f3n inicio a las 8 de la noche con seguidores del presidente Danilo Medina quienes ped\u00edan la reelecci\u00f3n del mandatario y culmin\u00f3 a las 9: 40 minutos de la noche de este jueves, con la armon\u00eda que caracteriza esta organizaci\u00f3n pol\u00edtica.<\/p>\n","protected":false},"excerpt":{"rendered":"<p>En la reuni\u00f3n realizada este jueves del Comit\u00e9 Pol\u00edtico del Partido de la Liberaci\u00f3n Dominicana, PLD , se acord\u00f3 tratar la reelecci\u00f3n presidencial y el proceso electoral interno de ese partido en una nueva reuni\u00f3n pautada para el 19 de abril a las 10 de la ma\u00f1ana. En la reuni\u00f3n se trato la Ley de [&hellip;]<\/p>\n","protected":false},"author":1,"featured_media":0,"comment_status":"open","ping_status":"open","sticky":false,"template":"","format":"standard","meta":{"footnotes":""},"categories":[1],"tags":[],"class_list":["post-3771","post","type-post","status-publish","format-standard","hentry","category-entretenimiento"],"_links":{"self":[{"href":"https:\/\/2horizontes.com\/index.php?rest_route=\/wp\/v2\/posts\/3771","targetHints":{"allow":["GET"]}}],"collection":[{"href":"https:\/\/2horizontes.com\/index.php?rest_route=\/wp\/v2\/posts"}],"about":[{"href":"https:\/\/2horizontes.com\/index.php?rest_route=\/wp\/v2\/types\/post"}],"author":[{"embeddable":true,"href":"https:\/\/2horizontes.com\/index.php?rest_route=\/wp\/v2\/users\/1"}],"replies":[{"embeddable":true,"href":"https:\/\/2horizontes.com\/index.php?rest_route=%2Fwp%2Fv2%2Fcomments&post=3771"}],"version-history":[{"count":1,"href":"https:\/\/2horizontes.com\/index.php?rest_route=\/wp\/v2\/posts\/3771\/revisions"}],"predecessor-version":[{"id":3772,"href":"https:\/\/2horizontes.com\/index.php?rest_route=\/wp\/v2\/posts\/3771\/revisions\/3772"}],"wp:attachment":[{"href":"https:\/\/2horizontes.com\/index.php?rest_route=%2Fwp%2Fv2%2Fmedia&parent=3771"}],"wp:term":[{"taxonomy":"category","embeddable":true,"href":"https:\/\/2horizontes.com\/index.php?rest_route=%2Fwp%2Fv2%2Fcategories&post=3771"},{"taxonomy":"post_tag","embeddable":true,"href":"https:\/\/2horizontes.com\/index.php?rest_route=%2Fwp%2Fv2%2Ftags&post=3771"}],"curies":[{"name":"wp","href":"https:\/\/api.w.org\/{rel}","templated":true}]}}