{"id":37669,"date":"2015-12-31T11:53:09","date_gmt":"2015-12-31T10:53:09","guid":{"rendered":"http:\/\/2horizontes.com\/?p=37669"},"modified":"2016-01-04T23:03:08","modified_gmt":"2016-01-04T22:03:08","slug":"el-periodico-digital-2horizontes-felicita-a-profesionales-dominicanos-en-madrid-por-su-labor-prestada-con-la-comunidad-criolla-en-espana","status":"publish","type":"post","link":"https:\/\/2horizontes.com\/?p=37669","title":{"rendered":"El peri\u00f3dico digital 2Horizontes  Felicita a profesionales dominicanos en Madrid por su labor prestada con la comunidad en Espa\u00f1a"},"content":{"rendered":"<p>El medio de comunicaci\u00f3n 2Horizontes.com felicita a decenas de dominicanos que con gran sacrificio han mantenido la calma y fuerza de voluntad de mantener un perfil excelente demostrando que aun en la Rep\u00fablica \u00a0Dominicana tienes j\u00f3venes con valores y que colocan a su patria en la cima en el \u00a0otro lado del atl\u00e1ntico.<\/p>\n<p>A continuaci\u00f3n algunos ejemplos de que si se puede:<\/p>\n<p><strong>Lucy Suazo deportista dominicana\u00a0 radicada en Madrid<\/strong><\/p>\n<p><a href=\"http:\/\/2horizontes.com\/wp-content\/uploads\/2015\/12\/lucy.jpg\"><img loading=\"lazy\" decoding=\"async\" class=\"alignleft size-full wp-image-37670\" src=\"http:\/\/2horizontes.com\/wp-content\/uploads\/2015\/12\/lucy.jpg\" alt=\"lucy\" width=\"960\" height=\"720\" srcset=\"https:\/\/2horizontes.com\/wp-content\/uploads\/2015\/12\/lucy.jpg 960w, https:\/\/2horizontes.com\/wp-content\/uploads\/2015\/12\/lucy-300x225.jpg 300w, https:\/\/2horizontes.com\/wp-content\/uploads\/2015\/12\/lucy-510x383.jpg 510w, https:\/\/2horizontes.com\/wp-content\/uploads\/2015\/12\/lucy-100x75.jpg 100w\" sizes=\"auto, (max-width: 960px) 100vw, 960px\" \/><\/a><\/p>\n<p>En el 2003, esta estrella dominicana\u00a0 llega a Madrid, Espa\u00f1a, ciudad que enamoro a la atleta y la que ser\u00eda su nuevo hogar. Desde Madrid a impulsado su carrera y ha\u00a0 puesto varios proyectos deportivos en su disciplina, como la formaci\u00f3n de una escuela de voleibol, cuyo prop\u00f3sito es la integraci\u00f3n de j\u00f3venes de diversas nacionalidades, con el objetivo que estos encuentren\u00a0 un ambiente sano y competitivo en el que pueda sentirse seguros\u00a0 e identificados, evitando de esta forma que orienten sus vida a la oleada de vicios\u00a0 que asechan a la juventud actual.<\/p>\n<p>Lucy Suazo es una reputada jugadora dominicana de voleibol que se ha destacado\u00a0 en Espa\u00f1a tanto en la primera divisi\u00f3n como en s\u00faper liga. Su deseo de ayudar\u00a0 a los j\u00f3venes inmigrantes y forjar\u00a0 futura deportistas, la llevo a integrarse en la escuela deportiva Johnny Wilfredo Jim\u00e9nez, presentada oficialmente en febrero del 2009. Desde su fundaci\u00f3n, Lucy Suazo imparte clases de voleibol de manera desinteresada adem\u00e1s\u00a0 de ense\u00f1ar valores \u00e9ticos y morales\u00a0 a los j\u00f3venes.<\/p>\n<p>Suazo contin\u00faa viviendo en Madrid y colaborando por el bienestar de la juventud. En la actualidad Lucy Suazo, es Directora General de la Escuela de Voleibol Johnny Wilfredo Jim\u00e9nez, desde donde trabaja representando el deporte como la mejor alternativa que tienen los j\u00f3venes para llevar una vida\u00a0 disciplinada y evitar las tentaciones nocivas de su entorno. Suazo tambi\u00e9n juega con el equipo de segunda divisi\u00f3n VP Madrid su posici\u00f3n\u00a0 dentro del\u00a0 campo es libero.<\/p>\n<p>Su gran desempe\u00f1o en la vida deportiva en Madrid del voleibol la ha llevado a obtener m\u00faltiples premiaciones: Los 100 latinos en Madrid, Centro Hispano Dominicano, Club Elemental Dominicano, El Premio Condex.\u00a0 Su trayectoria de la mano con todos sus reconocimientos le han dado la potestad para impartir clases en m\u00faltiples Club de Voleibol Madrile\u00f1os.<\/p>\n<p><strong>Rafael Olmo Ram\u00edrez Ram\u00edrez (presidente de la asociaci\u00f3n de padres y madres dominicanos en\u00a0 Madrid Espa\u00f1a<\/strong><\/p>\n<p><a href=\"http:\/\/2horizontes.com\/wp-content\/uploads\/2015\/12\/olmo.jpg\"><img loading=\"lazy\" decoding=\"async\" class=\"alignleft size-full wp-image-37671\" src=\"http:\/\/2horizontes.com\/wp-content\/uploads\/2015\/12\/olmo.jpg\" alt=\"olmo\" width=\"767\" height=\"767\" srcset=\"https:\/\/2horizontes.com\/wp-content\/uploads\/2015\/12\/olmo.jpg 767w, https:\/\/2horizontes.com\/wp-content\/uploads\/2015\/12\/olmo-150x150.jpg 150w, https:\/\/2horizontes.com\/wp-content\/uploads\/2015\/12\/olmo-300x300.jpg 300w, https:\/\/2horizontes.com\/wp-content\/uploads\/2015\/12\/olmo-510x510.jpg 510w\" sizes=\"auto, (max-width: 767px) 100vw, 767px\" \/><\/a><\/p>\n<p><strong>\u00a0<\/strong><\/p>\n<p>&nbsp;<\/p>\n<p>&nbsp;<\/p>\n<p>Este joven dominicano residente en Madrid es el fundador de \u00abLa asociaci\u00f3n de Padres y Madres Dominicanos en Espa\u00f1a\u00bb\u00a0 ASOCPAMADE<br \/>\nEl Lic. Rafael Olmo Ram\u00edrez\u00a0 actual presidente de esta fundaci\u00f3n\u00a0 junto a\u00a0 varios j\u00f3venes\u00a0 entre ellos 3 mujeres\u00a0 llevaban a cabo\u00a0 esta decisi\u00f3n para\u00a0 venir a dar soluci\u00f3n a\u00a0 la marginaci\u00f3n de desigualdad existente\u00a0 con los padres\u00a0 en comparaci\u00f3n a las madres en lo referente al d\u00eda\u00a0 que se homenajea\u00a0 a las madres dominicana\u00a0 celebrando fiestas de gratulaciones\u00a0 y haciendo feliz a miles de madres \u00a0y padres en tan conmemorado festejo.<br \/>\nEs por tal motivo que nace la \u00abASOCPAMADE\u00bb\u00a0\u00a0 para de igual forma los padres tengamos un espacio de alegr\u00eda cada a\u00f1o \u00a0en Espa\u00f1a\u00a0 celebrando\u00a0 su d\u00eda el \u00faltimo\u00a0 domingo de julio con una fiesta meritoria.<\/p>\n<p>Dicha fundaci\u00f3n ofrece show art\u00edsticos, rifas\u00a0 y entregadas de reconocimientos a los primeros.<br \/>\nRecordar fechas importantes como los 55 aniversarios del asesinato de las 3 hermanas Mirabal\u00a0 y siendo un reconocimiento en su honor la Asociaci\u00f3n de Padres y Madres Dominicanos en Espa\u00f1a<\/p>\n<p>Charlas conferencias\u00a0 denominada \u00abC\u00f3mo erradicar la violencia de g\u00e9nero y equidad\u00bb\u00a0\u00a0 plante\u00e1ndose\u00a0 propuestas de sensibilizaci\u00f3n de c\u00f3mo prevenirla,\u00a0\u00a0 adem\u00e1s se descripci\u00f3n de los distintos factores que la producen as\u00ed, como las distintas clases de violencia existente.<\/p>\n<p><strong>Richard Ovalles \u00a0(Empresario dominicano en Madrid)<\/strong><\/p>\n<p><a href=\"http:\/\/2horizontes.com\/wp-content\/uploads\/2015\/12\/richar.jpg\"><img loading=\"lazy\" decoding=\"async\" class=\"alignleft size-full wp-image-37672\" src=\"http:\/\/2horizontes.com\/wp-content\/uploads\/2015\/12\/richar.jpg\" alt=\"richar\" width=\"816\" height=\"459\" srcset=\"https:\/\/2horizontes.com\/wp-content\/uploads\/2015\/12\/richar.jpg 816w, https:\/\/2horizontes.com\/wp-content\/uploads\/2015\/12\/richar-300x169.jpg 300w, https:\/\/2horizontes.com\/wp-content\/uploads\/2015\/12\/richar-510x287.jpg 510w\" sizes=\"auto, (max-width: 816px) 100vw, 816px\" \/><\/a><\/p>\n<p>El dominicano emigrante \u00a0en Espa\u00f1a es un joven que vienes luchando en el mundo de los negocios para salir a camino en el otro lado del atl\u00e1ntico luego de ser empleado en diferentes empresas espa\u00f1ola decidi\u00f3 emprender en su propia empresa la cual le abierto puertas a varios dominicanos tanto as\u00ed que \u00e1cido capaz de ayudar a que estos puedan tener un contrato y poder extender\u00a0 su documento para poder residir en este pa\u00eds a cambio de nada.<\/p>\n<p>Richart se ha empe\u00f1ado por la comunidad dominicana residentes\u00a0\u00a0 en Espa\u00f1a un fiel colaborador de muchos proyectos de j\u00f3venes\u00a0 destacado en Madrid<\/p>\n<p>Hoy atraviesa el reto de sacar adelante su disco pub My Son con\u00a0 gran sacrificio, disciplina y empe\u00f1o diario; un joven ejemplar en estos horizontes pone su bandera en alto mostrando su gran nobleza en conjunto a su compatriotas.<\/p>\n<p><strong>Licenciado Oscar Jim\u00e9nez\u00a0 (presidente de la Asociaci\u00f3n de Comunicadores\u00a0 Dominicanos en Espa\u00f1a)<\/strong><\/p>\n<p><a href=\"http:\/\/2horizontes.com\/wp-content\/uploads\/2015\/12\/oscar.jpg\"><img loading=\"lazy\" decoding=\"async\" class=\"size-full wp-image-37673 alignnone\" src=\"http:\/\/2horizontes.com\/wp-content\/uploads\/2015\/12\/oscar.jpg\" alt=\"oscar\" width=\"585\" height=\"960\" srcset=\"https:\/\/2horizontes.com\/wp-content\/uploads\/2015\/12\/oscar.jpg 585w, https:\/\/2horizontes.com\/wp-content\/uploads\/2015\/12\/oscar-183x300.jpg 183w, https:\/\/2horizontes.com\/wp-content\/uploads\/2015\/12\/oscar-510x837.jpg 510w\" sizes=\"auto, (max-width: 585px) 100vw, 585px\" \/><\/a><\/p>\n<p>Actual funcionario del Consulado Dominicano en Madrid,\u00a0 del \u00e1rea de Prensa y Servicio al Usuario,\u00a0el se\u00f1or Oscar es uno de los dominicanos que presta su tiempo para responder algunas inquietudes de los dominicanos\u00a0 residentes en Madrid y de otra comunidad del continente europeo su compromiso es\u00a0 orientar a sus compatriotas del sistemas de documentaci\u00f3n y otras necesidades, el mismo presta el servici\u00f3 de maestr\u00eda de ceremonia en importantes actividades dominicanas en Espa\u00f1a y actualmente locutor en Radio Coraz\u00f3n Tropical FM en Madrid<\/p>\n<p><strong>Lic. Ysidro Paulino, (conductor del programa El Sancocho en Radio Coraz\u00f3n Tropical F.M. en Madrid)<a href=\"http:\/\/2horizontes.com\/wp-content\/uploads\/2015\/12\/isi.jpg\"><img loading=\"lazy\" decoding=\"async\" class=\"alignleft size-full wp-image-37674\" src=\"http:\/\/2horizontes.com\/wp-content\/uploads\/2015\/12\/isi.jpg\" alt=\"isi\" width=\"480\" height=\"640\" srcset=\"https:\/\/2horizontes.com\/wp-content\/uploads\/2015\/12\/isi.jpg 480w, https:\/\/2horizontes.com\/wp-content\/uploads\/2015\/12\/isi-225x300.jpg 225w\" sizes=\"auto, (max-width: 480px) 100vw, 480px\" \/><\/a><\/strong><\/p>\n<p>&nbsp;<\/p>\n<p>&nbsp;<\/p>\n<p>&nbsp;<\/p>\n<p>&nbsp;<\/p>\n<p>&nbsp;<\/p>\n<p>&nbsp;<\/p>\n<p>&nbsp;<\/p>\n<p>&nbsp;<\/p>\n<p>&nbsp;<\/p>\n<p>&nbsp;<\/p>\n<p>&nbsp;<\/p>\n<p>&nbsp;<\/p>\n<p>&nbsp;<\/p>\n<p>&nbsp;<\/p>\n<p>&nbsp;<\/p>\n<p>&nbsp;<\/p>\n<p><strong>Elson Feliz Medina (conductor del programa de radio\u201dBloque musical 102\u2033 en Madrid)<\/strong><a href=\"http:\/\/2horizontes.com\/wp-content\/uploads\/2015\/12\/elson.jpg\"><img loading=\"lazy\" decoding=\"async\" class=\"size-full wp-image-37679 alignnone\" src=\"http:\/\/2horizontes.com\/wp-content\/uploads\/2015\/12\/elson.jpg\" alt=\"elson\" width=\"960\" height=\"960\" srcset=\"https:\/\/2horizontes.com\/wp-content\/uploads\/2015\/12\/elson.jpg 960w, https:\/\/2horizontes.com\/wp-content\/uploads\/2015\/12\/elson-150x150.jpg 150w, https:\/\/2horizontes.com\/wp-content\/uploads\/2015\/12\/elson-300x300.jpg 300w, https:\/\/2horizontes.com\/wp-content\/uploads\/2015\/12\/elson-510x510.jpg 510w\" sizes=\"auto, (max-width: 960px) 100vw, 960px\" \/><\/a><\/p>\n<p>La dominicana Alba Del Carmen, una profesional \u00a0de la belleza que d\u00edas tras d\u00edas sin parar dice presente para poner a sus clientes tanto emigrantes como Espa\u00f1oles radiante y as\u00ed poder sacar su familia adelante en Madrid<\/p>\n<p><a href=\"http:\/\/2horizontes.com\/wp-content\/uploads\/2015\/12\/alba.jpg\"><img loading=\"lazy\" decoding=\"async\" class=\"size-full wp-image-37675 alignnone\" src=\"http:\/\/2horizontes.com\/wp-content\/uploads\/2015\/12\/alba.jpg\" alt=\"alba\" width=\"604\" height=\"453\" srcset=\"https:\/\/2horizontes.com\/wp-content\/uploads\/2015\/12\/alba.jpg 604w, https:\/\/2horizontes.com\/wp-content\/uploads\/2015\/12\/alba-300x225.jpg 300w, https:\/\/2horizontes.com\/wp-content\/uploads\/2015\/12\/alba-510x383.jpg 510w, https:\/\/2horizontes.com\/wp-content\/uploads\/2015\/12\/alba-100x75.jpg 100w\" sizes=\"auto, (max-width: 604px) 100vw, 604px\" \/><\/a><\/p>\n<p>&nbsp;<\/p>\n<p>El entrenador Azuano orgullo de su propios compatriotas Julio Vargas, quien \u00a0se ha entregado mas de dos d\u00e9cadas para \u00a0capacitar ni\u00f1o y adolescentes en el mundo deportivo en todo Espa\u00f1a<\/p>\n<p><a href=\"http:\/\/2horizontes.com\/wp-content\/uploads\/2015\/12\/bebo.jpg\"><img loading=\"lazy\" decoding=\"async\" class=\"alignleft size-full wp-image-37676\" src=\"http:\/\/2horizontes.com\/wp-content\/uploads\/2015\/12\/bebo.jpg\" alt=\"bebo\" width=\"960\" height=\"640\" srcset=\"https:\/\/2horizontes.com\/wp-content\/uploads\/2015\/12\/bebo.jpg 960w, https:\/\/2horizontes.com\/wp-content\/uploads\/2015\/12\/bebo-300x200.jpg 300w, https:\/\/2horizontes.com\/wp-content\/uploads\/2015\/12\/bebo-510x340.jpg 510w\" sizes=\"auto, (max-width: 960px) 100vw, 960px\" \/><\/a><\/p>\n<p>&nbsp;<\/p>\n<p>Entre otros profesionales que aportan su granito de arena y le demuestran al mundo que se puedes ir por el buen camino ya que todo es cuesti\u00f3n de querer y poder<\/p>\n<p>&nbsp;<\/p>\n","protected":false},"excerpt":{"rendered":"<p>El medio de comunicaci\u00f3n 2Horizontes.com felicita a decenas de dominicanos que con gran sacrificio han mantenido la calma y fuerza de voluntad de mantener un perfil excelente demostrando que aun en la Rep\u00fablica \u00a0Dominicana tienes j\u00f3venes con valores y que colocan a su patria en la cima en el \u00a0otro lado del atl\u00e1ntico. A continuaci\u00f3n [&hellip;]<\/p>\n","protected":false},"author":1,"featured_media":37720,"comment_status":"open","ping_status":"open","sticky":false,"template":"","format":"standard","meta":{"footnotes":""},"categories":[62,42,46,55,54,85,86,83],"tags":[],"class_list":["post-37669","post","type-post","status-publish","format-standard","has-post-thumbnail","hentry","category-cultura","category-deportes","category-dominicanos-en-madrid","category-educacion","category-emigrantes","category-espana","category-europa","category-reportajes"],"_links":{"self":[{"href":"https:\/\/2horizontes.com\/index.php?rest_route=\/wp\/v2\/posts\/37669","targetHints":{"allow":["GET"]}}],"collection":[{"href":"https:\/\/2horizontes.com\/index.php?rest_route=\/wp\/v2\/posts"}],"about":[{"href":"https:\/\/2horizontes.com\/index.php?rest_route=\/wp\/v2\/types\/post"}],"author":[{"embeddable":true,"href":"https:\/\/2horizontes.com\/index.php?rest_route=\/wp\/v2\/users\/1"}],"replies":[{"embeddable":true,"href":"https:\/\/2horizontes.com\/index.php?rest_route=%2Fwp%2Fv2%2Fcomments&post=37669"}],"version-history":[{"count":10,"href":"https:\/\/2horizontes.com\/index.php?rest_route=\/wp\/v2\/posts\/37669\/revisions"}],"predecessor-version":[{"id":37916,"href":"https:\/\/2horizontes.com\/index.php?rest_route=\/wp\/v2\/posts\/37669\/revisions\/37916"}],"wp:featuredmedia":[{"embeddable":true,"href":"https:\/\/2horizontes.com\/index.php?rest_route=\/wp\/v2\/media\/37720"}],"wp:attachment":[{"href":"https:\/\/2horizontes.com\/index.php?rest_route=%2Fwp%2Fv2%2Fmedia&parent=37669"}],"wp:term":[{"taxonomy":"category","embeddable":true,"href":"https:\/\/2horizontes.com\/index.php?rest_route=%2Fwp%2Fv2%2Fcategories&post=37669"},{"taxonomy":"post_tag","embeddable":true,"href":"https:\/\/2horizontes.com\/index.php?rest_route=%2Fwp%2Fv2%2Ftags&post=37669"}],"curies":[{"name":"wp","href":"https:\/\/api.w.org\/{rel}","templated":true}]}}