{"id":37663,"date":"2015-12-30T22:36:29","date_gmt":"2015-12-30T21:36:29","guid":{"rendered":"http:\/\/2horizontes.com\/?p=37663"},"modified":"2015-12-30T22:36:29","modified_gmt":"2015-12-30T21:36:29","slug":"bajadas-de-luz-gas-butano-autopistas-y-tasas-aereas-en-2016","status":"publish","type":"post","link":"https:\/\/2horizontes.com\/?p=37663","title":{"rendered":"Bajadas de luz, gas, butano, autopistas y tasas a\u00e9reas en 2016"},"content":{"rendered":"<p>El a\u00f1o 2016 arrancar\u00e1 con bajadas en luz, gas y butano, as\u00ed como en las tarifas de las autopistas dependientes del Estado o las tasas a\u00e9reas, mientras sube el coste de la carta ordinaria y se mantienen las tarifas de autobuses p\u00fablicos y Renfe.<\/p>\n<p>En el cap\u00edtulo energ\u00e9tico, las facturas de la luz y el gas bajar\u00e1n una media del 0,7% y el 3,3%, respectivamente, a partir del mes de enero, seg\u00fan los c\u00e1lculos realizados por el Gobierno.<\/p>\n<p>La bajada del gas se explica por el abaratamiento del componente energ\u00e9tico, que supone la mitad de la tarifa, en un contexto de bajos precios del crudo mientras que se mantiene congelada la parte regulada.<\/p>\n<p>En cuanto a la luz, la reducci\u00f3n de la parte regulada de la factura el\u00e9ctrica, que supone algo menos de la mitad del recibo, permitir\u00e1 reducirlo una media del 2,8% respecto a enero de 2015 y un 0,7% respecto a diciembre, ya que hubo una rebaja intermedia en verano.<\/p>\n<p>Por su parte, la bombona de butano empezar\u00e1 el a\u00f1o en un precio m\u00e1ximo de 12,68 euros, lo que supone un descenso del 27,5 % respecto al que marcaba a comienzos de a\u00f1o.<\/p>\n<p>Los precios del butano, cuya \u00faltima revisi\u00f3n fue en noviembre, se recalculan bimestralmente teniendo en cuenta factores como las cotizaciones internacionales de la materia prima, los fletes, el tipo de cambio o los costes de comercializaci\u00f3n.<\/p>\n<p>En cuanto al transporte, los peajes de las autopistas R-3, Madrid-Arganda del Rey; R-4, Madrid-Oca\u00f1a; y R-5, Madrid-Navalcarnero, se incrementar\u00e1n un 1,34 % a partir del pr\u00f3ximo 1 de enero, mientras que las tarifas de las autopistas de pago dependientes del Estado disminuir\u00e1n un 0,6 % de media.<\/p>\n<p>Para las tasas a\u00e9reas, para el ejercicio 2016 los Presupuestos Generales del Estado (PGE) establecen una reducci\u00f3n del 1,9 %, despu\u00e9s de que la Comisi\u00f3n Nacional de los Mercados y la Competencia (CNMC) anulara la congelaci\u00f3n propuesta por Aena.<\/p>\n<p>La Asociaci\u00f3n de Empresas Gestoras de Transportes Urbanos Colectivos (ATUC) se\u00f1ala que el a\u00f1o no arrancar\u00e1 con subidas en las tarifas aunque no descartan que se produzcan incrementos a lo largo del ejercicio.<\/p>\n<p>Por lo que respecta a Renfe, la empresa ha apuntado tambi\u00e9n que, de momento, se mantienen las tarifas en el inicio del a\u00f1o.<\/p>\n<p>Telef\u00f3nica tambi\u00e9n congela su cuota de abono, que se mantiene en 14,33 euros, un precio que no ha variado desde 2013.<\/p>\n<p>Correos aplicar\u00e1 una subida de 3 c\u00e9ntimos de euro a partir del pr\u00f3ximo 1 de enero para la carta nacional ordinaria, el producto m\u00e1s utilizado, que pasar\u00e1 a tener una tarifa de 0,45 euros.<\/p>\n<p>No obstante, Espa\u00f1a seguir\u00e1 figurando en 2016 entre los pa\u00edses de la Uni\u00f3n Europea con las tarifas postales m\u00e1s econ\u00f3micas, con una diferencia respecto a la tarifa media europea (0,55 euros) de 10 c\u00e9ntimos de euro por env\u00edo, y por debajo de Italia (0,80), Reino Unido (0,72), Francia (0,68) y Alemania (0,62), seg\u00fan se\u00f1ala Correos.<\/p>\n","protected":false},"excerpt":{"rendered":"<p>El a\u00f1o 2016 arrancar\u00e1 con bajadas en luz, gas y butano, as\u00ed como en las tarifas de las autopistas dependientes del Estado o las tasas a\u00e9reas, mientras sube el coste de la carta ordinaria y se mantienen las tarifas de autobuses p\u00fablicos y Renfe. En el cap\u00edtulo energ\u00e9tico, las facturas de la luz y el [&hellip;]<\/p>\n","protected":false},"author":3,"featured_media":37664,"comment_status":"open","ping_status":"open","sticky":false,"template":"","format":"standard","meta":{"footnotes":""},"categories":[63,85],"tags":[],"class_list":["post-37663","post","type-post","status-publish","format-standard","has-post-thumbnail","hentry","category-economia","category-espana"],"_links":{"self":[{"href":"https:\/\/2horizontes.com\/index.php?rest_route=\/wp\/v2\/posts\/37663","targetHints":{"allow":["GET"]}}],"collection":[{"href":"https:\/\/2horizontes.com\/index.php?rest_route=\/wp\/v2\/posts"}],"about":[{"href":"https:\/\/2horizontes.com\/index.php?rest_route=\/wp\/v2\/types\/post"}],"author":[{"embeddable":true,"href":"https:\/\/2horizontes.com\/index.php?rest_route=\/wp\/v2\/users\/3"}],"replies":[{"embeddable":true,"href":"https:\/\/2horizontes.com\/index.php?rest_route=%2Fwp%2Fv2%2Fcomments&post=37663"}],"version-history":[{"count":1,"href":"https:\/\/2horizontes.com\/index.php?rest_route=\/wp\/v2\/posts\/37663\/revisions"}],"predecessor-version":[{"id":37665,"href":"https:\/\/2horizontes.com\/index.php?rest_route=\/wp\/v2\/posts\/37663\/revisions\/37665"}],"wp:featuredmedia":[{"embeddable":true,"href":"https:\/\/2horizontes.com\/index.php?rest_route=\/wp\/v2\/media\/37664"}],"wp:attachment":[{"href":"https:\/\/2horizontes.com\/index.php?rest_route=%2Fwp%2Fv2%2Fmedia&parent=37663"}],"wp:term":[{"taxonomy":"category","embeddable":true,"href":"https:\/\/2horizontes.com\/index.php?rest_route=%2Fwp%2Fv2%2Fcategories&post=37663"},{"taxonomy":"post_tag","embeddable":true,"href":"https:\/\/2horizontes.com\/index.php?rest_route=%2Fwp%2Fv2%2Ftags&post=37663"}],"curies":[{"name":"wp","href":"https:\/\/api.w.org\/{rel}","templated":true}]}}