{"id":3762,"date":"2015-03-27T10:25:05","date_gmt":"2015-03-27T10:25:05","guid":{"rendered":"http:\/\/2horizontes.com\/?p=3762"},"modified":"2015-03-27T10:25:05","modified_gmt":"2015-03-27T10:25:05","slug":"comite-pld-conocera-el-19-de-abril-la-propuesta-de-reeleccion-presidencial","status":"publish","type":"post","link":"https:\/\/2horizontes.com\/?p=3762","title":{"rendered":"Comit\u00e9 PLD conocer\u00e1 el 19 de abril la propuesta de reelecci\u00f3n presidencial"},"content":{"rendered":"<p><a href=\"http:\/\/2horizontes.com\/wp-content\/uploads\/2015\/03\/pared-perez-informa-.jpg\"><img loading=\"lazy\" decoding=\"async\" src=\"http:\/\/2horizontes.com\/wp-content\/uploads\/2015\/03\/pared-perez-informa--300x197.jpg\" alt=\"pared-perez-informa-\" width=\"300\" height=\"197\" class=\"alignleft size-medium wp-image-3763\" srcset=\"https:\/\/2horizontes.com\/wp-content\/uploads\/2015\/03\/pared-perez-informa--300x197.jpg 300w, https:\/\/2horizontes.com\/wp-content\/uploads\/2015\/03\/pared-perez-informa--510x335.jpg 510w, https:\/\/2horizontes.com\/wp-content\/uploads\/2015\/03\/pared-perez-informa-.jpg 589w\" sizes=\"auto, (max-width: 300px) 100vw, 300px\" \/><\/a><\/p>\n<p>SANTO DOMINGO.- El Comit\u00e9 Pol\u00edtico del Partido de la Liberaci\u00f3n Dominicana (PLD) fue apoderado formalmente de una propuesta del dirigente Ram\u00f3n Ventura Camejo de que este organismo propicie una modificaci\u00f3n de la Constituci\u00f3n de la Rep\u00fablica para restablecer en el pa\u00eds la reelecci\u00f3n presidencial, confirm\u00f3 el secretario general Reinaldo Pared P\u00e9rez .<\/p>\n<p>El m\u00e1ximo organismo de direcci\u00f3n pelede\u00edsta acord\u00f3 debatir este tema durante una nueva reuni\u00f3n el pr\u00f3ximo 19 de abril, a partir de las 10 de la ma\u00f1ana, en la que se tratar\u00e1 tambi\u00e9n todo lo relativo a las candidaturas a cargos electivos y otros temas de inter\u00e9s que puedan surgir, dijo Pared.<\/p>\n<p>El dirigente habl\u00f3 en una rueda de prensa luego de que concluyera una reuni\u00f3n del Comit\u00e9 Pol\u00edtico del PLD, en la Casa Presidencial de este partido, ubicada en la Zona Universitaria.<\/p>\n<p>Ley de partidos<\/p>\n<p>Respecto al proyecto de Ley de Partidos, el Comit\u00e9 Pol\u00edtico acord\u00f3 \u201cretomar el conocimiento de esta importante pieza legislativa y llamar a la celebraci\u00f3n de una cumbre\u201d con l\u00edderes nacionales, para buscar una posici\u00f3n de consenso, dijo Pared.  Para organizar la misma el PLD solicitar\u00e1 la mediaci\u00f3n de monse\u00f1or Agripino Nu\u00f1ez Collado .<\/p>\n<p>La reuni\u00f3n del Comit\u00e9 Pol\u00edtico comenz\u00f3 a las 8:00 de la noche y finaliz\u00f3 una hora y 40 minutos despu\u00e9s. Solo estuvo ausente Jos\u00e9 Tom\u00e1s P\u00e9rez, debido a que est\u00e1 en Washington desempe\u00f1ando el cargo de Embajador de la Rep\u00fablica Dominicana.<\/p>\n<p>El propio Ventura Camejo declar\u00f3 a ALMOMENTO.NET que formaliz\u00f3 su pedido ante el m\u00e1ximo organismo de direcci\u00f3n pelede\u00edsta.  \u201cClaro que la present\u00e9\u201d, dijo a periodistas de este medio digital pero no suministr\u00f3 detalles sobre lo decidido respecto a la misma.<\/p>\n<p>Manifestaciones frente al local<\/p>\n<p>Grupos de personas que est\u00e1n, unas a favor de la reelecci\u00f3n del Presidente Danilo Medina y otras que simpatizan  por Leonel Fern\u00e1ndez, se apostaron frente a la Casa Presidencial del PLD.<\/p>\n<p>Los manifestantes, quienes por momentos interrumpieron el tr\u00e1nsito en la calle frontal del referido recinto, comenzaron a llegar temprano.  Los primeros en hacerlo fueron los simpatizantes de Medina, quienes vociferaban consignas y enarbolaban pancartas alusivas a la reelecci\u00f3n.<\/p>\n<p>De los miembros del Comit\u00e9 Pol\u00edtico uno de los primeros en llegar fue el presidente del PLD y aspirante presidencial por esta organizaci\u00f3n, Leonel Fern\u00e1ndez. Lo hizo a las 7:25 de la noche en medio de un gran dispositivo de seguridad.  Posteriormente llegaron Gonzalo Castillo, Rafael Alburquerque, Alejandrina Germ\u00e1n y otros dirigentes.<\/p>\n<p>El presidente de la Rep\u00fablica, Danilo Medina, lleg\u00f3 a las 7:55 de la noche.<\/p>\n","protected":false},"excerpt":{"rendered":"<p>SANTO DOMINGO.- El Comit\u00e9 Pol\u00edtico del Partido de la Liberaci\u00f3n Dominicana (PLD) fue apoderado formalmente de una propuesta del dirigente Ram\u00f3n Ventura Camejo de que este organismo propicie una modificaci\u00f3n de la Constituci\u00f3n de la Rep\u00fablica para restablecer en el pa\u00eds la reelecci\u00f3n presidencial, confirm\u00f3 el secretario general Reinaldo Pared P\u00e9rez . El m\u00e1ximo organismo [&hellip;]<\/p>\n","protected":false},"author":1,"featured_media":0,"comment_status":"open","ping_status":"open","sticky":false,"template":"","format":"standard","meta":{"footnotes":""},"categories":[1],"tags":[],"class_list":["post-3762","post","type-post","status-publish","format-standard","hentry","category-entretenimiento"],"_links":{"self":[{"href":"https:\/\/2horizontes.com\/index.php?rest_route=\/wp\/v2\/posts\/3762","targetHints":{"allow":["GET"]}}],"collection":[{"href":"https:\/\/2horizontes.com\/index.php?rest_route=\/wp\/v2\/posts"}],"about":[{"href":"https:\/\/2horizontes.com\/index.php?rest_route=\/wp\/v2\/types\/post"}],"author":[{"embeddable":true,"href":"https:\/\/2horizontes.com\/index.php?rest_route=\/wp\/v2\/users\/1"}],"replies":[{"embeddable":true,"href":"https:\/\/2horizontes.com\/index.php?rest_route=%2Fwp%2Fv2%2Fcomments&post=3762"}],"version-history":[{"count":1,"href":"https:\/\/2horizontes.com\/index.php?rest_route=\/wp\/v2\/posts\/3762\/revisions"}],"predecessor-version":[{"id":3764,"href":"https:\/\/2horizontes.com\/index.php?rest_route=\/wp\/v2\/posts\/3762\/revisions\/3764"}],"wp:attachment":[{"href":"https:\/\/2horizontes.com\/index.php?rest_route=%2Fwp%2Fv2%2Fmedia&parent=3762"}],"wp:term":[{"taxonomy":"category","embeddable":true,"href":"https:\/\/2horizontes.com\/index.php?rest_route=%2Fwp%2Fv2%2Fcategories&post=3762"},{"taxonomy":"post_tag","embeddable":true,"href":"https:\/\/2horizontes.com\/index.php?rest_route=%2Fwp%2Fv2%2Ftags&post=3762"}],"curies":[{"name":"wp","href":"https:\/\/api.w.org\/{rel}","templated":true}]}}