{"id":37605,"date":"2015-12-30T15:20:40","date_gmt":"2015-12-30T14:20:40","guid":{"rendered":"http:\/\/2horizontes.com\/?p=37605"},"modified":"2015-12-30T15:20:40","modified_gmt":"2015-12-30T14:20:40","slug":"pn-mas-vigilancia-en-zona-del-mirador-sur-rd","status":"publish","type":"post","link":"https:\/\/2horizontes.com\/?p=37605","title":{"rendered":"PN mas vigilancia en zona del Mirador Sur RD"},"content":{"rendered":"<p>RD- MIRADOR SUR-La Polic\u00eda Nacional anunci\u00f3 ayer un operativo de patrullaje por las avenidas La Salud, Anacaona y Mirador Sur debido a los recientes hechos de violencia que han sacudido esas zonas.<\/p>\n<p>El director regional del Distrito Nacional, general de brigada Rommel L\u00f3pez, se\u00f1al\u00f3 que ese programa de protecci\u00f3n al ciudadamo fue ordenado por el jefe de la Polic\u00eda Nacional, mayor general Nelson Peguero Paredes.<\/p>\n<p>\u201cEl objetivo es evitar que elementos desaprensivos puedan utilizar estas \u00e1reas para cometer hechos delictivos, y anunciamos que desde este momento se montar\u00e1 este operativo sin tiempo l\u00edmite, d\u00eda y noche habr\u00e1 patrullas policiales abogando por la seguridad del ciudadano\u201d, asegur\u00f3 L\u00f3pez.<\/p>\n<p>Por otra parte, el portavoz de la Polic\u00eda, M\u00e1ximo B\u00e1ez Aybar, inform\u00f3 ayer que fueron apresadas 10 personas en el \u00e1rea de la avenida Cayetano Germos\u00e9n para fines de investigaci\u00f3n, por la muerte de Richard Agramonte Mota, de 38 a\u00f1os, cuyo cad\u00e1ver fue encontrado el lunes pasado con varios impactos de bala, en el kil\u00f3metro 5 de la avenida de la Salud, en el Mirador Sur.<\/p>\n<p>Dijo que est\u00e1n en el proceso de investigaci\u00f3n en coordinaci\u00f3n con el Ministerio P\u00fablico \u201cy los \u00faltimos datos que nos suministr\u00f3 el director de Investigaciones Criminales nos dice que las investigaciones avanzan a un ritmo satisfactorio, por lo que esperamos que en las pr\u00f3ximas horas podamos esclarecer el crimen y hacer p\u00fablicas las circunstancias que rodearon el asesinato de Richard Agramonte\u201d, expres\u00f3. Asegur\u00f3 que Agramonte Mota no ten\u00eda antecedentes penales, a pesar de que su padre, el mayor An\u00edbal Agramonte, manifest\u00f3 que se hab\u00eda alejado de \u00e9l porque \u00e9ste exhib\u00eda una conducta inapropiada.<\/p>\n","protected":false},"excerpt":{"rendered":"<p>RD- MIRADOR SUR-La Polic\u00eda Nacional anunci\u00f3 ayer un operativo de patrullaje por las avenidas La Salud, Anacaona y Mirador Sur debido a los recientes hechos de violencia que han sacudido esas zonas. El director regional del Distrito Nacional, general de brigada Rommel L\u00f3pez, se\u00f1al\u00f3 que ese programa de protecci\u00f3n al ciudadamo fue ordenado por el [&hellip;]<\/p>\n","protected":false},"author":8,"featured_media":37606,"comment_status":"open","ping_status":"open","sticky":false,"template":"","format":"standard","meta":{"footnotes":""},"categories":[44],"tags":[],"class_list":["post-37605","post","type-post","status-publish","format-standard","has-post-thumbnail","hentry","category-republica-dominicana"],"_links":{"self":[{"href":"https:\/\/2horizontes.com\/index.php?rest_route=\/wp\/v2\/posts\/37605","targetHints":{"allow":["GET"]}}],"collection":[{"href":"https:\/\/2horizontes.com\/index.php?rest_route=\/wp\/v2\/posts"}],"about":[{"href":"https:\/\/2horizontes.com\/index.php?rest_route=\/wp\/v2\/types\/post"}],"author":[{"embeddable":true,"href":"https:\/\/2horizontes.com\/index.php?rest_route=\/wp\/v2\/users\/8"}],"replies":[{"embeddable":true,"href":"https:\/\/2horizontes.com\/index.php?rest_route=%2Fwp%2Fv2%2Fcomments&post=37605"}],"version-history":[{"count":1,"href":"https:\/\/2horizontes.com\/index.php?rest_route=\/wp\/v2\/posts\/37605\/revisions"}],"predecessor-version":[{"id":37607,"href":"https:\/\/2horizontes.com\/index.php?rest_route=\/wp\/v2\/posts\/37605\/revisions\/37607"}],"wp:featuredmedia":[{"embeddable":true,"href":"https:\/\/2horizontes.com\/index.php?rest_route=\/wp\/v2\/media\/37606"}],"wp:attachment":[{"href":"https:\/\/2horizontes.com\/index.php?rest_route=%2Fwp%2Fv2%2Fmedia&parent=37605"}],"wp:term":[{"taxonomy":"category","embeddable":true,"href":"https:\/\/2horizontes.com\/index.php?rest_route=%2Fwp%2Fv2%2Fcategories&post=37605"},{"taxonomy":"post_tag","embeddable":true,"href":"https:\/\/2horizontes.com\/index.php?rest_route=%2Fwp%2Fv2%2Ftags&post=37605"}],"curies":[{"name":"wp","href":"https:\/\/api.w.org\/{rel}","templated":true}]}}