{"id":37595,"date":"2015-12-30T14:42:45","date_gmt":"2015-12-30T13:42:45","guid":{"rendered":"http:\/\/2horizontes.com\/?p=37595"},"modified":"2015-12-30T14:42:45","modified_gmt":"2015-12-30T13:42:45","slug":"trasladan-a-el-chino-a-carcel-publica-de-el-seibo-rd","status":"publish","type":"post","link":"https:\/\/2horizontes.com\/?p=37595","title":{"rendered":"Trasladan a \u201cEl Chino\u201d a c\u00e1rcel p\u00fablica de El Seibo RD"},"content":{"rendered":"<p>RD- EL SEIBO-Un contingente policial ejecut\u00f3 el traslado del recluso Jes\u00fas Pascual Cordero Mart\u00ednez, (El Chino), desde Hig\u00fcey a la c\u00e1rcel p\u00fablica de El Seibo, un d\u00eda despu\u00e9s de dict\u00e1rsele medida de coerci\u00f3n de tres meses de prisi\u00f3n por el Juzgado de Instrucci\u00f3n de la provincia La Altagracia.<\/p>\n<p>El traslado se hizo efectivo al caer la tarde de ayer, por lo que las unidades fueron vistas circular desde la entrada de la ciudad desde Hig\u00fcey hasta la comandancia del Ej\u00e9rcito de Rep\u00fablica Dominicana.<\/p>\n<p>El d\u00eda anterior el juez Francisco Arias, dict\u00f3 tres meses de prisi\u00f3n preventiva contra Cordero Mart\u00ednez, acusado de varios asesinatos, narcotr\u00e1fico y lavado de activos.<\/p>\n<p>La medida de coerci\u00f3n desde el principio se fij\u00f3 para ser cumplida en la c\u00e1rcel de El Seibo, sin embargo permaneci\u00f3 en Hig\u00fcey tras ser sacado bajo estrictas medidas de seguridad, con chaleco antibalas y un casco protector.<\/p>\n","protected":false},"excerpt":{"rendered":"<p>RD- EL SEIBO-Un contingente policial ejecut\u00f3 el traslado del recluso Jes\u00fas Pascual Cordero Mart\u00ednez, (El Chino), desde Hig\u00fcey a la c\u00e1rcel p\u00fablica de El Seibo, un d\u00eda despu\u00e9s de dict\u00e1rsele medida de coerci\u00f3n de tres meses de prisi\u00f3n por el Juzgado de Instrucci\u00f3n de la provincia La Altagracia. El traslado se hizo efectivo al caer [&hellip;]<\/p>\n","protected":false},"author":8,"featured_media":37596,"comment_status":"open","ping_status":"open","sticky":false,"template":"","format":"standard","meta":{"footnotes":""},"categories":[53,44],"tags":[],"class_list":["post-37595","post","type-post","status-publish","format-standard","has-post-thumbnail","hentry","category-provincias","category-republica-dominicana"],"_links":{"self":[{"href":"https:\/\/2horizontes.com\/index.php?rest_route=\/wp\/v2\/posts\/37595","targetHints":{"allow":["GET"]}}],"collection":[{"href":"https:\/\/2horizontes.com\/index.php?rest_route=\/wp\/v2\/posts"}],"about":[{"href":"https:\/\/2horizontes.com\/index.php?rest_route=\/wp\/v2\/types\/post"}],"author":[{"embeddable":true,"href":"https:\/\/2horizontes.com\/index.php?rest_route=\/wp\/v2\/users\/8"}],"replies":[{"embeddable":true,"href":"https:\/\/2horizontes.com\/index.php?rest_route=%2Fwp%2Fv2%2Fcomments&post=37595"}],"version-history":[{"count":1,"href":"https:\/\/2horizontes.com\/index.php?rest_route=\/wp\/v2\/posts\/37595\/revisions"}],"predecessor-version":[{"id":37597,"href":"https:\/\/2horizontes.com\/index.php?rest_route=\/wp\/v2\/posts\/37595\/revisions\/37597"}],"wp:featuredmedia":[{"embeddable":true,"href":"https:\/\/2horizontes.com\/index.php?rest_route=\/wp\/v2\/media\/37596"}],"wp:attachment":[{"href":"https:\/\/2horizontes.com\/index.php?rest_route=%2Fwp%2Fv2%2Fmedia&parent=37595"}],"wp:term":[{"taxonomy":"category","embeddable":true,"href":"https:\/\/2horizontes.com\/index.php?rest_route=%2Fwp%2Fv2%2Fcategories&post=37595"},{"taxonomy":"post_tag","embeddable":true,"href":"https:\/\/2horizontes.com\/index.php?rest_route=%2Fwp%2Fv2%2Ftags&post=37595"}],"curies":[{"name":"wp","href":"https:\/\/api.w.org\/{rel}","templated":true}]}}