{"id":3754,"date":"2015-03-27T01:41:39","date_gmt":"2015-03-27T01:41:39","guid":{"rendered":"http:\/\/2horizontes.com\/?p=3754"},"modified":"2015-03-27T02:08:37","modified_gmt":"2015-03-27T02:08:37","slug":"un-emigrante-obrero-de-51-anos-muere-al-precipitarse-de-15-metros-en-un-barrio-de-madrid","status":"publish","type":"post","link":"https:\/\/2horizontes.com\/?p=3754","title":{"rendered":"Un  emigrante obrero de 51 a\u00f1os muere al precipitarse de construcci\u00f3n de edificio  en un barrio  de Madrid"},"content":{"rendered":"<p>La v\u00edctima se cay\u00f3 desde un edificio en construcci\u00f3n de cuatro plantas de altura en el barrio de Las Tablas<\/p>\n<p><a href=\"http:\/\/2horizontes.com\/wp-content\/uploads\/2015\/03\/lk.jpg\"><img loading=\"lazy\" decoding=\"async\" src=\"http:\/\/2horizontes.com\/wp-content\/uploads\/2015\/03\/lk-300x133.jpg\" alt=\"lk\" width=\"300\" height=\"133\" class=\"alignleft size-medium wp-image-3755\" srcset=\"https:\/\/2horizontes.com\/wp-content\/uploads\/2015\/03\/lk-300x133.jpg 300w, https:\/\/2horizontes.com\/wp-content\/uploads\/2015\/03\/lk-510x226.jpg 510w, https:\/\/2horizontes.com\/wp-content\/uploads\/2015\/03\/lk.jpg 560w\" sizes=\"auto, (max-width: 300px) 100vw, 300px\" \/><\/a><\/p>\n<p>Un obrero de 51 a\u00f1os y nacionalidad boliviana muri\u00f3 ayer por la tarde tras precipitarse al vac\u00edo desde una altura de unos 15 metros, en un edificio en construcci\u00f3n en el barrio de Las Tablas, seg\u00fan inform\u00f3 un portavoz de Emergencias Madrid.<\/p>\n<p>El accidente se produjo alrededor de las 17.30 en el n\u00famero 1 de la calle de Cirauqu\u00ed, cuando el operario estaba trabajando en un andamio m\u00f3vil a la altura del cuarto piso. Por razones aun no esclarecidas, cay\u00f3 al vac\u00edo lo que le produjo un fort\u00edsimo golpe en la cabeza y la muerte en el acto. Se qued\u00f3 por dentro de la valla de protecci\u00f3n del edificio.<\/p>\n<p>Los facultativos del SAMUR s\u00f3lo pudieron certificar la muerte del empleado. Psic\u00f3logos de este servicio atendieron a los compa\u00f1eros de la v\u00edctima. Agentes de la Polic\u00eda Municipal investigan el accidente para esclarecer las causas del accidente.<\/p>\n<p>Recomendar en Facebook10Twittear16Enviar a LinkedIn20<\/p>\n","protected":false},"excerpt":{"rendered":"<p>La v\u00edctima se cay\u00f3 desde un edificio en construcci\u00f3n de cuatro plantas de altura en el barrio de Las Tablas Un obrero de 51 a\u00f1os y nacionalidad boliviana muri\u00f3 ayer por la tarde tras precipitarse al vac\u00edo desde una altura de unos 15 metros, en un edificio en construcci\u00f3n en el barrio de Las Tablas, [&hellip;]<\/p>\n","protected":false},"author":1,"featured_media":0,"comment_status":"open","ping_status":"open","sticky":false,"template":"","format":"standard","meta":{"footnotes":""},"categories":[1],"tags":[],"class_list":["post-3754","post","type-post","status-publish","format-standard","hentry","category-entretenimiento"],"_links":{"self":[{"href":"https:\/\/2horizontes.com\/index.php?rest_route=\/wp\/v2\/posts\/3754","targetHints":{"allow":["GET"]}}],"collection":[{"href":"https:\/\/2horizontes.com\/index.php?rest_route=\/wp\/v2\/posts"}],"about":[{"href":"https:\/\/2horizontes.com\/index.php?rest_route=\/wp\/v2\/types\/post"}],"author":[{"embeddable":true,"href":"https:\/\/2horizontes.com\/index.php?rest_route=\/wp\/v2\/users\/1"}],"replies":[{"embeddable":true,"href":"https:\/\/2horizontes.com\/index.php?rest_route=%2Fwp%2Fv2%2Fcomments&post=3754"}],"version-history":[{"count":4,"href":"https:\/\/2horizontes.com\/index.php?rest_route=\/wp\/v2\/posts\/3754\/revisions"}],"predecessor-version":[{"id":3761,"href":"https:\/\/2horizontes.com\/index.php?rest_route=\/wp\/v2\/posts\/3754\/revisions\/3761"}],"wp:attachment":[{"href":"https:\/\/2horizontes.com\/index.php?rest_route=%2Fwp%2Fv2%2Fmedia&parent=3754"}],"wp:term":[{"taxonomy":"category","embeddable":true,"href":"https:\/\/2horizontes.com\/index.php?rest_route=%2Fwp%2Fv2%2Fcategories&post=3754"},{"taxonomy":"post_tag","embeddable":true,"href":"https:\/\/2horizontes.com\/index.php?rest_route=%2Fwp%2Fv2%2Ftags&post=3754"}],"curies":[{"name":"wp","href":"https:\/\/api.w.org\/{rel}","templated":true}]}}