{"id":37485,"date":"2015-12-29T17:14:47","date_gmt":"2015-12-29T16:14:47","guid":{"rendered":"http:\/\/2horizontes.com\/?p=37485"},"modified":"2015-12-29T17:14:47","modified_gmt":"2015-12-29T16:14:47","slug":"bisono-cree-rd-requiere-pacto-y-destituir-jueces-de-la-scj-rd","status":"publish","type":"post","link":"https:\/\/2horizontes.com\/?p=37485","title":{"rendered":"Bison\u00f3 cree RD requiere pacto y destituir jueces de la SCJ RD"},"content":{"rendered":"<p>RD-SANTO DOMINGO -El diputado y presidente en funciones del Partido Reformista Social Cristiano, V\u00edctor Bison\u00f3, consider\u00f3 que resolver los problemas fundamentales que afectan la justicia dominicana requiere de \u201cun gran pacto\u201d entre todos los actores del sistema, incluyendo a los pol\u00edticos.<\/p>\n<p>A su juicio, los males de la justicia \u201cson viejos y profundos\u201d y no se resolver\u00e1n con una convocatoria al Consejo Nacional de la Magistratura para destituir todos los jueces de la Suprema Corte de Justicia (SCJ), como propone el procurador general Francisco Dom\u00ednguez Brito.<\/p>\n<p>\u201cEste a\u00f1o 2016 que se aproxima, nos dar\u00e1 una gran oportunidad para lograr ese pacto por la justicia, un verdadero pacto social, que incluya la aprobaci\u00f3n de una ley partidos y de un nuevo r\u00e9gimen electoral, como por igual se est\u00e1 haciendo con el tema del pacto el\u00e9ctrico\u201d, dijo.<\/p>\n<p>Bison\u00f3 dijo que si no hay \u201cuna verdadera voluntad pol\u00edtica\u201d para solucionar ese problema, donde haya un r\u00e9gimen de consecuencias, y que se sanciones a todo el que viole la ley, incluyendo a los propios jueces, \u201ces poco lo que se puede hacerse, porque estamos hablando de un asunto integral\u201d.<\/p>\n","protected":false},"excerpt":{"rendered":"<p>RD-SANTO DOMINGO -El diputado y presidente en funciones del Partido Reformista Social Cristiano, V\u00edctor Bison\u00f3, consider\u00f3 que resolver los problemas fundamentales que afectan la justicia dominicana requiere de \u201cun gran pacto\u201d entre todos los actores del sistema, incluyendo a los pol\u00edticos. A su juicio, los males de la justicia \u201cson viejos y profundos\u201d y no [&hellip;]<\/p>\n","protected":false},"author":8,"featured_media":37486,"comment_status":"open","ping_status":"open","sticky":false,"template":"","format":"standard","meta":{"footnotes":""},"categories":[43,44],"tags":[],"class_list":["post-37485","post","type-post","status-publish","format-standard","has-post-thumbnail","hentry","category-politica","category-republica-dominicana"],"_links":{"self":[{"href":"https:\/\/2horizontes.com\/index.php?rest_route=\/wp\/v2\/posts\/37485","targetHints":{"allow":["GET"]}}],"collection":[{"href":"https:\/\/2horizontes.com\/index.php?rest_route=\/wp\/v2\/posts"}],"about":[{"href":"https:\/\/2horizontes.com\/index.php?rest_route=\/wp\/v2\/types\/post"}],"author":[{"embeddable":true,"href":"https:\/\/2horizontes.com\/index.php?rest_route=\/wp\/v2\/users\/8"}],"replies":[{"embeddable":true,"href":"https:\/\/2horizontes.com\/index.php?rest_route=%2Fwp%2Fv2%2Fcomments&post=37485"}],"version-history":[{"count":1,"href":"https:\/\/2horizontes.com\/index.php?rest_route=\/wp\/v2\/posts\/37485\/revisions"}],"predecessor-version":[{"id":37487,"href":"https:\/\/2horizontes.com\/index.php?rest_route=\/wp\/v2\/posts\/37485\/revisions\/37487"}],"wp:featuredmedia":[{"embeddable":true,"href":"https:\/\/2horizontes.com\/index.php?rest_route=\/wp\/v2\/media\/37486"}],"wp:attachment":[{"href":"https:\/\/2horizontes.com\/index.php?rest_route=%2Fwp%2Fv2%2Fmedia&parent=37485"}],"wp:term":[{"taxonomy":"category","embeddable":true,"href":"https:\/\/2horizontes.com\/index.php?rest_route=%2Fwp%2Fv2%2Fcategories&post=37485"},{"taxonomy":"post_tag","embeddable":true,"href":"https:\/\/2horizontes.com\/index.php?rest_route=%2Fwp%2Fv2%2Ftags&post=37485"}],"curies":[{"name":"wp","href":"https:\/\/api.w.org\/{rel}","templated":true}]}}