{"id":37430,"date":"2015-12-29T03:00:18","date_gmt":"2015-12-29T02:00:18","guid":{"rendered":"http:\/\/2horizontes.com\/?p=37430"},"modified":"2015-12-29T03:00:53","modified_gmt":"2015-12-29T02:00:53","slug":"hombre-se-ahorca-porque-expareja-no-quiso-reconciliarse-rd","status":"publish","type":"post","link":"https:\/\/2horizontes.com\/?p=37430","title":{"rendered":"Hombre se ahorca porque expareja no quiso volver con el RD"},"content":{"rendered":"<p>RD-MOCA, Rep\u00fablica Dominicana.- Un hombre de 26 a\u00f1os se ahorc\u00f3 porque su ex pareja no quiso reconciliarse.<\/p>\n<p>Jos\u00e9 Luis Guzm\u00e1n Rodr\u00edguez se colg\u00f3 de un \u00e1rbol en el paraje Pozo de la Palma, del distrito municipal Juan L\u00f3pez, de aqu\u00ed.<\/p>\n<p>Vecinos dijeron que horas antes de ahorcarse Guzm\u00e1n Rodr\u00edguez se notaba triste.<\/p>\n<p>Familiares describieron al hoy occiso como una persona pacifica y muy decente.<\/p>\n","protected":false},"excerpt":{"rendered":"<p>RD-MOCA, Rep\u00fablica Dominicana.- Un hombre de 26 a\u00f1os se ahorc\u00f3 porque su ex pareja no quiso reconciliarse. Jos\u00e9 Luis Guzm\u00e1n Rodr\u00edguez se colg\u00f3 de un \u00e1rbol en el paraje Pozo de la Palma, del distrito municipal Juan L\u00f3pez, de aqu\u00ed. Vecinos dijeron que horas antes de ahorcarse Guzm\u00e1n Rodr\u00edguez se notaba triste. Familiares describieron al [&hellip;]<\/p>\n","protected":false},"author":8,"featured_media":37431,"comment_status":"open","ping_status":"open","sticky":false,"template":"","format":"standard","meta":{"footnotes":""},"categories":[53,44],"tags":[],"class_list":["post-37430","post","type-post","status-publish","format-standard","has-post-thumbnail","hentry","category-provincias","category-republica-dominicana"],"_links":{"self":[{"href":"https:\/\/2horizontes.com\/index.php?rest_route=\/wp\/v2\/posts\/37430","targetHints":{"allow":["GET"]}}],"collection":[{"href":"https:\/\/2horizontes.com\/index.php?rest_route=\/wp\/v2\/posts"}],"about":[{"href":"https:\/\/2horizontes.com\/index.php?rest_route=\/wp\/v2\/types\/post"}],"author":[{"embeddable":true,"href":"https:\/\/2horizontes.com\/index.php?rest_route=\/wp\/v2\/users\/8"}],"replies":[{"embeddable":true,"href":"https:\/\/2horizontes.com\/index.php?rest_route=%2Fwp%2Fv2%2Fcomments&post=37430"}],"version-history":[{"count":2,"href":"https:\/\/2horizontes.com\/index.php?rest_route=\/wp\/v2\/posts\/37430\/revisions"}],"predecessor-version":[{"id":37433,"href":"https:\/\/2horizontes.com\/index.php?rest_route=\/wp\/v2\/posts\/37430\/revisions\/37433"}],"wp:featuredmedia":[{"embeddable":true,"href":"https:\/\/2horizontes.com\/index.php?rest_route=\/wp\/v2\/media\/37431"}],"wp:attachment":[{"href":"https:\/\/2horizontes.com\/index.php?rest_route=%2Fwp%2Fv2%2Fmedia&parent=37430"}],"wp:term":[{"taxonomy":"category","embeddable":true,"href":"https:\/\/2horizontes.com\/index.php?rest_route=%2Fwp%2Fv2%2Fcategories&post=37430"},{"taxonomy":"post_tag","embeddable":true,"href":"https:\/\/2horizontes.com\/index.php?rest_route=%2Fwp%2Fv2%2Ftags&post=37430"}],"curies":[{"name":"wp","href":"https:\/\/api.w.org\/{rel}","templated":true}]}}